{"id":1137,"date":"2023-03-22T21:10:43","date_gmt":"2023-03-22T20:10:43","guid":{"rendered":"https:\/\/agora.xtec.cat\/ietorrelles\/?p=1137"},"modified":"2023-03-22T21:10:53","modified_gmt":"2023-03-22T20:10:53","slug":"les-nostres-avies-i-avi-voluntaries","status":"publish","type":"post","link":"https:\/\/agora.xtec.cat\/ietorrelles\/eso-2\/les-nostres-avies-i-avi-voluntaries\/","title":{"rendered":"Les nostres \u00e0vies i avi volunt\u00e0ries"},"content":{"rendered":"<p>Benvolgudes,<\/p>\n<p>Ens plau informar que hi ha un grup de volunt\u00e0ries que estan fent una tasca excel\u2022lent des de l&#8217;inici de curs amb les nostres biblioteques escolars i que es mereixen el nostre reconeixement.<\/p>\n<p>Venen tots els dimarts al mat\u00ed per col\u2022laborar en l&#8217;organitzaci\u00f3 de les biblioteques per tal de posar-les a punt per comen\u00e7ar a fer-ne \u00fas.<\/p>\n<p>Aprofitem aquest article tamb\u00e9 per fer difusi\u00f3 de les activitats que s&#8217;estan portant a terme des de la biblioteca escolar i que les podeu trobar recollides al nostre bloc des del qual podeu accedir des de la icona que trobareu a la part superior del web de l&#8217;escola.<\/p>\n<p style=\"text-align: right;\">Molt\u00edssimes gr\u00e0cies a les \u00e0vies i avis volunt\u00e0ries i a totes les persones que conformen la comissi\u00f3 de biblioteca per tota la feina que s&#8217;est\u00e0 fent.<a href=\"https:\/\/agora.xtec.cat\/ietorrelles\/wp-content\/uploads\/usu2293\/2023\/03\/20230321_102946-scaled.jpg\"><img loading=\"lazy\" decoding=\"async\" class=\"alignnone size-large wp-image-1138\" src=\"https:\/\/agora.xtec.cat\/ietorrelles\/wp-content\/uploads\/usu2293\/2023\/03\/20230321_102946-1024x461.jpg\" alt=\"\" width=\"1024\" height=\"461\" srcset=\"https:\/\/agora.xtec.cat\/ietorrelles\/wp-content\/uploads\/usu2293\/2023\/03\/20230321_102946-1024x461.jpg 1024w, https:\/\/agora.xtec.cat\/ietorrelles\/wp-content\/uploads\/usu2293\/2023\/03\/20230321_102946-300x135.jpg 300w, https:\/\/agora.xtec.cat\/ietorrelles\/wp-content\/uploads\/usu2293\/2023\/03\/20230321_102946-768x346.jpg 768w, https:\/\/agora.xtec.cat\/ietorrelles\/wp-content\/uploads\/usu2293\/2023\/03\/20230321_102946-1536x691.jpg 1536w, https:\/\/agora.xtec.cat\/ietorrelles\/wp-content\/uploads\/usu2293\/2023\/03\/20230321_102946-2048x922.jpg 2048w\" sizes=\"auto, (max-width: 1024px) 100vw, 1024px\" \/><\/a><\/p>\n","protected":false},"excerpt":{"rendered":"<p>Benvolgudes,<br \/>\nEns plau informar que hi ha un grup de volunt\u00e0ries que estan fent una tasca excel\u2022lent des de l&#8217;inici de curs amb les nostres biblioteques escolars i que es mereixen el nostre reconeixement.<br \/>\nVenen tots els dimarts al mat\u00ed per col\u2022laborar en l&#8217;organitzaci\u00f3 de les biblioteques&hellip;  <a href=\"https:\/\/agora.xtec.cat\/ietorrelles\/eso-2\/les-nostres-avies-i-avi-voluntaries\/\" title=\"Read Les nostres \u00e0vies i avi volunt\u00e0ries\">Llegeix m\u00e9s\u00bb<\/a><\/p>\n","protected":false},"author":1,"featured_media":0,"comment_status":"open","ping_status":"closed","sticky":false,"template":"","format":"standard","meta":{"_bbp_topic_count":0,"_bbp_reply_count":0,"_bbp_total_topic_count":0,"_bbp_total_reply_count":0,"_bbp_voice_count":0,"_bbp_anonymous_reply_count":0,"_bbp_topic_count_hidden":0,"_bbp_reply_count_hidden":0,"_bbp_forum_subforum_count":0,"footnotes":""},"categories":[1],"tags":[],"class_list":["post-1137","post","type-post","status-publish","format-standard","hentry","category-eso-2"],"post_mailing_queue_ids":[],"_links":{"self":[{"href":"https:\/\/agora.xtec.cat\/ietorrelles\/wp-json\/wp\/v2\/posts\/1137","targetHints":{"allow":["GET"]}}],"collection":[{"href":"https:\/\/agora.xtec.cat\/ietorrelles\/wp-json\/wp\/v2\/posts"}],"about":[{"href":"https:\/\/agora.xtec.cat\/ietorrelles\/wp-json\/wp\/v2\/types\/post"}],"author":[{"embeddable":true,"href":"https:\/\/agora.xtec.cat\/ietorrelles\/wp-json\/wp\/v2\/users\/1"}],"replies":[{"embeddable":true,"href":"https:\/\/agora.xtec.cat\/ietorrelles\/wp-json\/wp\/v2\/comments?post=1137"}],"version-history":[{"count":1,"href":"https:\/\/agora.xtec.cat\/ietorrelles\/wp-json\/wp\/v2\/posts\/1137\/revisions"}],"predecessor-version":[{"id":1139,"href":"https:\/\/agora.xtec.cat\/ietorrelles\/wp-json\/wp\/v2\/posts\/1137\/revisions\/1139"}],"wp:attachment":[{"href":"https:\/\/agora.xtec.cat\/ietorrelles\/wp-json\/wp\/v2\/media?parent=1137"}],"wp:term":[{"taxonomy":"category","embeddable":true,"href":"https:\/\/agora.xtec.cat\/ietorrelles\/wp-json\/wp\/v2\/categories?post=1137"},{"taxonomy":"post_tag","embeddable":true,"href":"https:\/\/agora.xtec.cat\/ietorrelles\/wp-json\/wp\/v2\/tags?post=1137"}],"curies":[{"name":"wp","href":"https:\/\/api.w.org\/{rel}","templated":true}]}}