{"id":1134,"date":"2023-03-22T20:40:29","date_gmt":"2023-03-22T19:40:29","guid":{"rendered":"https:\/\/agora.xtec.cat\/ietorrelles\/?p=1134"},"modified":"2023-03-22T20:40:29","modified_gmt":"2023-03-22T19:40:29","slug":"pen-pals-de-gambia-al-nostre-institut-escola","status":"publish","type":"post","link":"https:\/\/agora.xtec.cat\/ietorrelles\/eso-2\/pen-pals-de-gambia-al-nostre-institut-escola\/","title":{"rendered":"Pen-pals de G\u00e0mbia al nostre Institut Escola!"},"content":{"rendered":"<h5>Avui l&#8217;alumnat de 5\u00e8 ha rebut les seves cartes dels seus pen-pals de Fandema, G\u00e0mbia. Han estat molt contents i contentes!<\/h5>\n<h5>Les han comen\u00e7at a llegir individualment a classe i se les han anat mirant entre ells\/elles. La setmana vinent cadasc\u00fa llegir\u00e0 la seva carta a classe perqu\u00e8 la resta de companys\/es conegui una mica com s\u00f3n tots els infants de Fandema amb qui realitzarem els nostres intercanvis durant aquest curs.<\/h5>\n<h5>\u00c9s un projecte de l&#8217;\u00e0rea d&#8217;English portat a terme per la comunitat de grans i joves molt engrescador i avui mateix ja estaven ben il\u00b7lusionats i il\u00b7lusionades per preparar la propera carta personal i els v\u00eddeos que farem en petits grups.<\/h5>\n<h5>Teniu les fotografies de l&#8217;entrega de cartes d&#8217;avui penjades al DRIVE!<\/h5>\n<p><a href=\"https:\/\/agora.xtec.cat\/ietorrelles\/wp-content\/uploads\/usu2293\/2023\/03\/EU-Gambia_AP87789985M-scaled.jpeg\"><img loading=\"lazy\" decoding=\"async\" class=\"size-large wp-image-1135\" src=\"https:\/\/agora.xtec.cat\/ietorrelles\/wp-content\/uploads\/usu2293\/2023\/03\/EU-Gambia_AP87789985M-1024x512.jpeg\" alt=\"\" width=\"1024\" height=\"512\" srcset=\"https:\/\/agora.xtec.cat\/ietorrelles\/wp-content\/uploads\/usu2293\/2023\/03\/EU-Gambia_AP87789985M-1024x512.jpeg 1024w, https:\/\/agora.xtec.cat\/ietorrelles\/wp-content\/uploads\/usu2293\/2023\/03\/EU-Gambia_AP87789985M-300x150.jpeg 300w, https:\/\/agora.xtec.cat\/ietorrelles\/wp-content\/uploads\/usu2293\/2023\/03\/EU-Gambia_AP87789985M-768x384.jpeg 768w, https:\/\/agora.xtec.cat\/ietorrelles\/wp-content\/uploads\/usu2293\/2023\/03\/EU-Gambia_AP87789985M-1536x768.jpeg 1536w, https:\/\/agora.xtec.cat\/ietorrelles\/wp-content\/uploads\/usu2293\/2023\/03\/EU-Gambia_AP87789985M-2048x1024.jpeg 2048w\" sizes=\"auto, (max-width: 1024px) 100vw, 1024px\" \/><\/a><\/p>\n","protected":false},"excerpt":{"rendered":"<p>Avui l&#8217;alumnat de 5\u00e8 ha rebut les seves cartes dels seus pen-pals de Fandema, G\u00e0mbia. Han estat molt contents i contentes!<br \/>\nLes han comen\u00e7at a llegir individualment a classe i se les han anat mirant entre ells\/elles. La setmana vinent cadasc\u00fa llegir\u00e0 la seva carta a&hellip;  <a href=\"https:\/\/agora.xtec.cat\/ietorrelles\/eso-2\/pen-pals-de-gambia-al-nostre-institut-escola\/\" title=\"Read Pen-pals de G\u00e0mbia al nostre Institut Escola!\">Llegeix m\u00e9s\u00bb<\/a><\/p>\n","protected":false},"author":68,"featured_media":1135,"comment_status":"open","ping_status":"closed","sticky":false,"template":"","format":"standard","meta":{"_bbp_topic_count":0,"_bbp_reply_count":0,"_bbp_total_topic_count":0,"_bbp_total_reply_count":0,"_bbp_voice_count":0,"_bbp_anonymous_reply_count":0,"_bbp_topic_count_hidden":0,"_bbp_reply_count_hidden":0,"_bbp_forum_subforum_count":0,"footnotes":""},"categories":[10,63,11,64,12,65,13,66,14,15,1,3,8,9,2,5],"tags":[],"class_list":["post-1134","post","type-post","status-publish","format-standard","has-post-thumbnail","hentry","category-1r","category-1r-deso","category-2n","category-2n-deso","category-3r","category-3r-deso","category-4t","category-4t-deso","category-5e","category-6e","category-eso-2","category-i3","category-i4","category-i5","category-infantil","category-primaria"],"post_mailing_queue_ids":[],"_links":{"self":[{"href":"https:\/\/agora.xtec.cat\/ietorrelles\/wp-json\/wp\/v2\/posts\/1134","targetHints":{"allow":["GET"]}}],"collection":[{"href":"https:\/\/agora.xtec.cat\/ietorrelles\/wp-json\/wp\/v2\/posts"}],"about":[{"href":"https:\/\/agora.xtec.cat\/ietorrelles\/wp-json\/wp\/v2\/types\/post"}],"author":[{"embeddable":true,"href":"https:\/\/agora.xtec.cat\/ietorrelles\/wp-json\/wp\/v2\/users\/68"}],"replies":[{"embeddable":true,"href":"https:\/\/agora.xtec.cat\/ietorrelles\/wp-json\/wp\/v2\/comments?post=1134"}],"version-history":[{"count":1,"href":"https:\/\/agora.xtec.cat\/ietorrelles\/wp-json\/wp\/v2\/posts\/1134\/revisions"}],"predecessor-version":[{"id":1136,"href":"https:\/\/agora.xtec.cat\/ietorrelles\/wp-json\/wp\/v2\/posts\/1134\/revisions\/1136"}],"wp:featuredmedia":[{"embeddable":true,"href":"https:\/\/agora.xtec.cat\/ietorrelles\/wp-json\/wp\/v2\/media\/1135"}],"wp:attachment":[{"href":"https:\/\/agora.xtec.cat\/ietorrelles\/wp-json\/wp\/v2\/media?parent=1134"}],"wp:term":[{"taxonomy":"category","embeddable":true,"href":"https:\/\/agora.xtec.cat\/ietorrelles\/wp-json\/wp\/v2\/categories?post=1134"},{"taxonomy":"post_tag","embeddable":true,"href":"https:\/\/agora.xtec.cat\/ietorrelles\/wp-json\/wp\/v2\/tags?post=1134"}],"curies":[{"name":"wp","href":"https:\/\/api.w.org\/{rel}","templated":true}]}}