{"id":1124,"date":"2023-03-11T20:04:00","date_gmt":"2023-03-11T19:04:00","guid":{"rendered":"https:\/\/agora.xtec.cat\/ietorrelles\/?p=1124"},"modified":"2023-03-11T20:04:00","modified_gmt":"2023-03-11T19:04:00","slug":"dia-internacional-de-la-dona-treballadora","status":"publish","type":"post","link":"https:\/\/agora.xtec.cat\/ietorrelles\/eso-2\/dia-internacional-de-la-dona-treballadora\/","title":{"rendered":"Dia Internacional de la Dona Treballadora"},"content":{"rendered":"<p>Al nostre Institut Escola hem celebrat, aquest 8 de mar\u00e7, el Dia Internacional de la Dona Treballadora. A trav\u00e9s de diferents activitats, com s\u00f3n els contes, obres de teatres, diferents tallers per a la prevenci\u00f3 de la viol\u00e8ncia masclista i del ciberassetjament, cada comunitat ha pogut reflexionar per qu\u00e8 celebrem aquest dia i homenatjar a totes les dones.Al nostre Institut Escola hem celebrat, aquest 8 de mar\u00e7, el Dia Internacional de la Dona Treballadora. A trav\u00e9s de diferents activitats, com s\u00f3n els contes, obres de teatres, diferents tallers per a la prevenci\u00f3 de la viol\u00e8ncia masclista i del ciberassetjament, cada comunitat ha pogut reflexionar per qu\u00e8 celebrem aquest dia i homenatjar a totes les dones.<\/p>\n<p>Teniu moltes m\u00e9s imatges d&#8217;aquesta setmana a l&#8217;enlla\u00e7 del DRIVE!<\/p>\n<p><a href=\"https:\/\/agora.xtec.cat\/ietorrelles\/wp-content\/uploads\/usu2293\/2023\/03\/WhatsApp-Image-2023-03-11-at-20.02.43.jpeg\"><img loading=\"lazy\" decoding=\"async\" class=\"alignnone size-full wp-image-1125\" src=\"https:\/\/agora.xtec.cat\/ietorrelles\/wp-content\/uploads\/usu2293\/2023\/03\/WhatsApp-Image-2023-03-11-at-20.02.43.jpeg\" alt=\"\" width=\"1024\" height=\"768\" srcset=\"https:\/\/agora.xtec.cat\/ietorrelles\/wp-content\/uploads\/usu2293\/2023\/03\/WhatsApp-Image-2023-03-11-at-20.02.43.jpeg 1024w, https:\/\/agora.xtec.cat\/ietorrelles\/wp-content\/uploads\/usu2293\/2023\/03\/WhatsApp-Image-2023-03-11-at-20.02.43-300x225.jpeg 300w, https:\/\/agora.xtec.cat\/ietorrelles\/wp-content\/uploads\/usu2293\/2023\/03\/WhatsApp-Image-2023-03-11-at-20.02.43-768x576.jpeg 768w, https:\/\/agora.xtec.cat\/ietorrelles\/wp-content\/uploads\/usu2293\/2023\/03\/WhatsApp-Image-2023-03-11-at-20.02.43-200x150.jpeg 200w\" sizes=\"auto, (max-width: 1024px) 100vw, 1024px\" \/><\/a><\/p>\n","protected":false},"excerpt":{"rendered":"<p>Al nostre Institut Escola hem celebrat, aquest 8 de mar\u00e7, el Dia Internacional de la Dona Treballadora. A trav\u00e9s de diferents activitats, com s\u00f3n els contes, obres de teatres, diferents tallers per a la prevenci\u00f3 de la viol\u00e8ncia masclista i del ciberassetjament, cada comunitat ha&hellip;  <a href=\"https:\/\/agora.xtec.cat\/ietorrelles\/eso-2\/dia-internacional-de-la-dona-treballadora\/\" title=\"Read Dia Internacional de la Dona Treballadora\">Llegeix m\u00e9s\u00bb<\/a><\/p>\n","protected":false},"author":68,"featured_media":1125,"comment_status":"open","ping_status":"closed","sticky":false,"template":"","format":"standard","meta":{"_bbp_topic_count":0,"_bbp_reply_count":0,"_bbp_total_topic_count":0,"_bbp_total_reply_count":0,"_bbp_voice_count":0,"_bbp_anonymous_reply_count":0,"_bbp_topic_count_hidden":0,"_bbp_reply_count_hidden":0,"_bbp_forum_subforum_count":0,"footnotes":""},"categories":[10,63,11,64,12,65,13,66,14,15,1,3,8,9,2,5],"tags":[],"class_list":["post-1124","post","type-post","status-publish","format-standard","has-post-thumbnail","hentry","category-1r","category-1r-deso","category-2n","category-2n-deso","category-3r","category-3r-deso","category-4t","category-4t-deso","category-5e","category-6e","category-eso-2","category-i3","category-i4","category-i5","category-infantil","category-primaria"],"post_mailing_queue_ids":[],"_links":{"self":[{"href":"https:\/\/agora.xtec.cat\/ietorrelles\/wp-json\/wp\/v2\/posts\/1124","targetHints":{"allow":["GET"]}}],"collection":[{"href":"https:\/\/agora.xtec.cat\/ietorrelles\/wp-json\/wp\/v2\/posts"}],"about":[{"href":"https:\/\/agora.xtec.cat\/ietorrelles\/wp-json\/wp\/v2\/types\/post"}],"author":[{"embeddable":true,"href":"https:\/\/agora.xtec.cat\/ietorrelles\/wp-json\/wp\/v2\/users\/68"}],"replies":[{"embeddable":true,"href":"https:\/\/agora.xtec.cat\/ietorrelles\/wp-json\/wp\/v2\/comments?post=1124"}],"version-history":[{"count":1,"href":"https:\/\/agora.xtec.cat\/ietorrelles\/wp-json\/wp\/v2\/posts\/1124\/revisions"}],"predecessor-version":[{"id":1126,"href":"https:\/\/agora.xtec.cat\/ietorrelles\/wp-json\/wp\/v2\/posts\/1124\/revisions\/1126"}],"wp:featuredmedia":[{"embeddable":true,"href":"https:\/\/agora.xtec.cat\/ietorrelles\/wp-json\/wp\/v2\/media\/1125"}],"wp:attachment":[{"href":"https:\/\/agora.xtec.cat\/ietorrelles\/wp-json\/wp\/v2\/media?parent=1124"}],"wp:term":[{"taxonomy":"category","embeddable":true,"href":"https:\/\/agora.xtec.cat\/ietorrelles\/wp-json\/wp\/v2\/categories?post=1124"},{"taxonomy":"post_tag","embeddable":true,"href":"https:\/\/agora.xtec.cat\/ietorrelles\/wp-json\/wp\/v2\/tags?post=1124"}],"curies":[{"name":"wp","href":"https:\/\/api.w.org\/{rel}","templated":true}]}}