{"id":1112,"date":"2023-03-09T08:51:46","date_gmt":"2023-03-09T07:51:46","guid":{"rendered":"https:\/\/agora.xtec.cat\/ietorrelles\/?p=1112"},"modified":"2023-03-09T08:52:40","modified_gmt":"2023-03-09T07:52:40","slug":"taller-no-has-sido-tu","status":"publish","type":"post","link":"https:\/\/agora.xtec.cat\/ietorrelles\/eso-2\/primaria\/taller-no-has-sido-tu\/","title":{"rendered":"TALLER NO HAS SIDO T\u00da!"},"content":{"rendered":"<p>Encara estem bocabadats i impressionades del taller que ens va fer la Gemma\u00a0<span class=\"hiddenSpellError\">Almagro<\/span>\u00a0a 5\u00e8 i 6\u00e8 de prim\u00e0ria on es va fer una reflexi\u00f3 profunda i sincera a trav\u00e9s d&#8217;un mon\u00f2leg honest i una poesia realista i sense ornaments que inclou alguns testimonis reals de v\u00edctimes de la viol\u00e8ncia de g\u00e8nere. Els infants van tenir l&#8217;oportunitat de poder expressar els seus sentiments en relaci\u00f3 amb aquest tema d&#8217;una manera oberta i sincera.<\/p>\n<p><a href=\"https:\/\/agora.xtec.cat\/ietorrelles\/wp-content\/uploads\/usu2293\/2023\/03\/IMG_1305-1-scaled-e1678348277716.jpg\"><img loading=\"lazy\" decoding=\"async\" class=\"alignnone size-large wp-image-1120\" src=\"https:\/\/agora.xtec.cat\/ietorrelles\/wp-content\/uploads\/usu2293\/2023\/03\/IMG_1305-1-scaled-e1678348277716-768x1024.jpg\" alt=\"\" width=\"768\" height=\"1024\" srcset=\"https:\/\/agora.xtec.cat\/ietorrelles\/wp-content\/uploads\/usu2293\/2023\/03\/IMG_1305-1-scaled-e1678348277716-768x1024.jpg 768w, https:\/\/agora.xtec.cat\/ietorrelles\/wp-content\/uploads\/usu2293\/2023\/03\/IMG_1305-1-scaled-e1678348277716-225x300.jpg 225w, https:\/\/agora.xtec.cat\/ietorrelles\/wp-content\/uploads\/usu2293\/2023\/03\/IMG_1305-1-scaled-e1678348277716-1152x1536.jpg 1152w, https:\/\/agora.xtec.cat\/ietorrelles\/wp-content\/uploads\/usu2293\/2023\/03\/IMG_1305-1-scaled-e1678348277716-1536x2048.jpg 1536w, https:\/\/agora.xtec.cat\/ietorrelles\/wp-content\/uploads\/usu2293\/2023\/03\/IMG_1305-1-scaled-e1678348277716.jpg 1920w\" sizes=\"auto, (max-width: 768px) 100vw, 768px\" \/><\/a><\/p>\n","protected":false},"excerpt":{"rendered":"<p>Encara estem bocabadats i impressionades del taller que ens va fer la Gemma\u00a0Almagro\u00a0a 5\u00e8 i 6\u00e8 de prim\u00e0ria on es va fer una reflexi\u00f3 profunda i sincera a trav\u00e9s d&#8217;un mon\u00f2leg honest i una poesia realista i sense ornaments que inclou alguns testimonis reals de&hellip;  <a href=\"https:\/\/agora.xtec.cat\/ietorrelles\/eso-2\/primaria\/taller-no-has-sido-tu\/\" title=\"Read TALLER NO HAS SIDO T\u00da!\">Llegeix m\u00e9s\u00bb<\/a><\/p>\n","protected":false},"author":68,"featured_media":1120,"comment_status":"open","ping_status":"closed","sticky":false,"template":"","format":"standard","meta":{"_bbp_topic_count":0,"_bbp_reply_count":0,"_bbp_total_topic_count":0,"_bbp_total_reply_count":0,"_bbp_voice_count":0,"_bbp_anonymous_reply_count":0,"_bbp_topic_count_hidden":0,"_bbp_reply_count_hidden":0,"_bbp_forum_subforum_count":0,"footnotes":""},"categories":[14,15,5],"tags":[],"class_list":["post-1112","post","type-post","status-publish","format-standard","has-post-thumbnail","hentry","category-5e","category-6e","category-primaria"],"post_mailing_queue_ids":[],"_links":{"self":[{"href":"https:\/\/agora.xtec.cat\/ietorrelles\/wp-json\/wp\/v2\/posts\/1112","targetHints":{"allow":["GET"]}}],"collection":[{"href":"https:\/\/agora.xtec.cat\/ietorrelles\/wp-json\/wp\/v2\/posts"}],"about":[{"href":"https:\/\/agora.xtec.cat\/ietorrelles\/wp-json\/wp\/v2\/types\/post"}],"author":[{"embeddable":true,"href":"https:\/\/agora.xtec.cat\/ietorrelles\/wp-json\/wp\/v2\/users\/68"}],"replies":[{"embeddable":true,"href":"https:\/\/agora.xtec.cat\/ietorrelles\/wp-json\/wp\/v2\/comments?post=1112"}],"version-history":[{"count":1,"href":"https:\/\/agora.xtec.cat\/ietorrelles\/wp-json\/wp\/v2\/posts\/1112\/revisions"}],"predecessor-version":[{"id":1121,"href":"https:\/\/agora.xtec.cat\/ietorrelles\/wp-json\/wp\/v2\/posts\/1112\/revisions\/1121"}],"wp:featuredmedia":[{"embeddable":true,"href":"https:\/\/agora.xtec.cat\/ietorrelles\/wp-json\/wp\/v2\/media\/1120"}],"wp:attachment":[{"href":"https:\/\/agora.xtec.cat\/ietorrelles\/wp-json\/wp\/v2\/media?parent=1112"}],"wp:term":[{"taxonomy":"category","embeddable":true,"href":"https:\/\/agora.xtec.cat\/ietorrelles\/wp-json\/wp\/v2\/categories?post=1112"},{"taxonomy":"post_tag","embeddable":true,"href":"https:\/\/agora.xtec.cat\/ietorrelles\/wp-json\/wp\/v2\/tags?post=1112"}],"curies":[{"name":"wp","href":"https:\/\/api.w.org\/{rel}","templated":true}]}}