{"id":1069,"date":"2023-02-24T18:23:34","date_gmt":"2023-02-24T17:23:34","guid":{"rendered":"https:\/\/agora.xtec.cat\/ietorrelles\/?p=1069"},"modified":"2023-02-24T21:17:50","modified_gmt":"2023-02-24T20:17:50","slug":"voleu-un-bon-berenar-6e-us-el-prepara","status":"publish","type":"post","link":"https:\/\/agora.xtec.cat\/ietorrelles\/eso-2\/infantil\/voleu-un-bon-berenar-6e-us-el-prepara\/","title":{"rendered":"VOLEU UN BON BERENAR? 6\u00e8 US EL PREPARA!"},"content":{"rendered":"<p>Fam\u00edlies de l&#8217;IE de Torrelles.<br \/>\nNo sabeu qu\u00e8 fer per berenar els divendres vinents?<br \/>\nNo us preocupeu&#8230;<br \/>\nL&#8217;alumnat de 6\u00e8 us donem la resposta!<br \/>\nEstarem tots els <strong>divendres (a partir del 3 de mar\u00e7)<\/strong> a la porta dels <strong>dos edificis<\/strong> preparant uns berenars ben dol\u00e7os i salats a uns preus immillorables per a <strong>quan surti la canalla<\/strong> d&#8217;educaci\u00f3 infantil i prim\u00e0ria per la tarda! Tamb\u00e9 us tindrem uns llibres preciosos per si en voleu comprar per poder llegir el cap de setmana.<br \/>\nEns doneu un cop de m\u00e0?<\/p>\n<p><a href=\"https:\/\/agora.xtec.cat\/ietorrelles\/wp-content\/uploads\/usu2293\/2023\/02\/Rosa-Azul-Amarillo-Hecho-a-Mano-Normas-de-Clase-PA\u00b3ster.pdf-2.jpg\"><img loading=\"lazy\" decoding=\"async\" class=\"alignnone size-large wp-image-1077\" src=\"https:\/\/agora.xtec.cat\/ietorrelles\/wp-content\/uploads\/usu2293\/2023\/02\/Rosa-Azul-Amarillo-Hecho-a-Mano-Normas-de-Clase-PA\u00b3ster.pdf-2-724x1024.jpg\" alt=\"\" width=\"724\" height=\"1024\" srcset=\"https:\/\/agora.xtec.cat\/ietorrelles\/wp-content\/uploads\/usu2293\/2023\/02\/Rosa-Azul-Amarillo-Hecho-a-Mano-Normas-de-Clase-PA\u00b3ster.pdf-2-724x1024.jpg 724w, https:\/\/agora.xtec.cat\/ietorrelles\/wp-content\/uploads\/usu2293\/2023\/02\/Rosa-Azul-Amarillo-Hecho-a-Mano-Normas-de-Clase-PA\u00b3ster.pdf-2-212x300.jpg 212w, https:\/\/agora.xtec.cat\/ietorrelles\/wp-content\/uploads\/usu2293\/2023\/02\/Rosa-Azul-Amarillo-Hecho-a-Mano-Normas-de-Clase-PA\u00b3ster.pdf-2-768x1086.jpg 768w, https:\/\/agora.xtec.cat\/ietorrelles\/wp-content\/uploads\/usu2293\/2023\/02\/Rosa-Azul-Amarillo-Hecho-a-Mano-Normas-de-Clase-PA\u00b3ster.pdf-2-1086x1536.jpg 1086w, https:\/\/agora.xtec.cat\/ietorrelles\/wp-content\/uploads\/usu2293\/2023\/02\/Rosa-Azul-Amarillo-Hecho-a-Mano-Normas-de-Clase-PA\u00b3ster.pdf-2-1448x2048.jpg 1448w, https:\/\/agora.xtec.cat\/ietorrelles\/wp-content\/uploads\/usu2293\/2023\/02\/Rosa-Azul-Amarillo-Hecho-a-Mano-Normas-de-Clase-PA\u00b3ster.pdf-2.jpg 1587w\" sizes=\"auto, (max-width: 724px) 100vw, 724px\" \/><\/a><\/p>\n","protected":false},"excerpt":{"rendered":"<p>Fam\u00edlies de l&#8217;IE de Torrelles.<br \/>\nNo sabeu qu\u00e8 fer per berenar els divendres vinents?<br \/>\nNo us preocupeu&#8230;<br \/>\nL&#8217;alumnat de 6\u00e8 us donem la resposta!<br \/>\nEstarem tots els divendres (a partir del 3 de mar\u00e7) a la porta dels dos edificis preparant uns berenars ben dol\u00e7os i salats a uns&hellip;  <a href=\"https:\/\/agora.xtec.cat\/ietorrelles\/eso-2\/infantil\/voleu-un-bon-berenar-6e-us-el-prepara\/\" title=\"Read VOLEU UN BON BERENAR? 6\u00e8 US EL PREPARA!\">Llegeix m\u00e9s\u00bb<\/a><\/p>\n","protected":false},"author":68,"featured_media":1076,"comment_status":"open","ping_status":"closed","sticky":false,"template":"","format":"standard","meta":{"_bbp_topic_count":0,"_bbp_reply_count":0,"_bbp_total_topic_count":0,"_bbp_total_reply_count":0,"_bbp_voice_count":0,"_bbp_anonymous_reply_count":0,"_bbp_topic_count_hidden":0,"_bbp_reply_count_hidden":0,"_bbp_forum_subforum_count":0,"footnotes":""},"categories":[11,13,14,15,3,8,9,2,5],"tags":[],"class_list":["post-1069","post","type-post","status-publish","format-standard","has-post-thumbnail","hentry","category-2n","category-4t","category-5e","category-6e","category-i3","category-i4","category-i5","category-infantil","category-primaria"],"post_mailing_queue_ids":[],"_links":{"self":[{"href":"https:\/\/agora.xtec.cat\/ietorrelles\/wp-json\/wp\/v2\/posts\/1069","targetHints":{"allow":["GET"]}}],"collection":[{"href":"https:\/\/agora.xtec.cat\/ietorrelles\/wp-json\/wp\/v2\/posts"}],"about":[{"href":"https:\/\/agora.xtec.cat\/ietorrelles\/wp-json\/wp\/v2\/types\/post"}],"author":[{"embeddable":true,"href":"https:\/\/agora.xtec.cat\/ietorrelles\/wp-json\/wp\/v2\/users\/68"}],"replies":[{"embeddable":true,"href":"https:\/\/agora.xtec.cat\/ietorrelles\/wp-json\/wp\/v2\/comments?post=1069"}],"version-history":[{"count":3,"href":"https:\/\/agora.xtec.cat\/ietorrelles\/wp-json\/wp\/v2\/posts\/1069\/revisions"}],"predecessor-version":[{"id":1078,"href":"https:\/\/agora.xtec.cat\/ietorrelles\/wp-json\/wp\/v2\/posts\/1069\/revisions\/1078"}],"wp:featuredmedia":[{"embeddable":true,"href":"https:\/\/agora.xtec.cat\/ietorrelles\/wp-json\/wp\/v2\/media\/1076"}],"wp:attachment":[{"href":"https:\/\/agora.xtec.cat\/ietorrelles\/wp-json\/wp\/v2\/media?parent=1069"}],"wp:term":[{"taxonomy":"category","embeddable":true,"href":"https:\/\/agora.xtec.cat\/ietorrelles\/wp-json\/wp\/v2\/categories?post=1069"},{"taxonomy":"post_tag","embeddable":true,"href":"https:\/\/agora.xtec.cat\/ietorrelles\/wp-json\/wp\/v2\/tags?post=1069"}],"curies":[{"name":"wp","href":"https:\/\/api.w.org\/{rel}","templated":true}]}}