{"id":1043,"date":"2023-02-20T17:11:33","date_gmt":"2023-02-20T16:11:33","guid":{"rendered":"https:\/\/agora.xtec.cat\/ietorrelles\/?p=1043"},"modified":"2023-02-28T09:55:10","modified_gmt":"2023-02-28T08:55:10","slug":"celebracio-del-carnestoltes-a-linstitut-escola","status":"publish","type":"post","link":"https:\/\/agora.xtec.cat\/ietorrelles\/eso-2\/celebracio-del-carnestoltes-a-linstitut-escola\/","title":{"rendered":"Celebraci\u00f3 del Carnestoltes a l&#8217;Institut Escola"},"content":{"rendered":"<p>L&#8217;alumnat de l&#8217;Institut Escola de Torrelles va celebrar el Carnaval durant la jornada de divendres. Al mat\u00ed, la Comunitat de Joves i la de Grans van ser els protagonistes de la <strong>Rua de Carnaval,<\/strong> que va sortir de l&#8217;Edifici Groc i va acabar a l&#8217;Edifici Verd.<\/p>\n<p>Ja all\u00e0, els diferents grups classe de secund\u00e0ria van realitzar les actuacions. Amb la tem\u00e0tica &#8216;Un passeig per la hist\u00f2ria&#8217;, totes les classes van realitzar un ball sota l&#8217;atenta mirada d&#8217;un jurat, format per membres del professorat i de l&#8217;AFA. Finalment els guanyadors van ser el grup de 1r de l&#8217;ESO A i de 4t de l&#8217;ESO.<\/p>\n<p>Recordeu que podeu veure les imatges i v\u00eddeos de la jornada, aix\u00ed com les actuacions <strong>a la carpeta del Drive &#8216;Carnaval&#8217;<\/strong> dins de la carpeta &#8216;General Curs 22-23&#8217;.<\/p>\n","protected":false},"excerpt":{"rendered":"<p>L&#8217;alumnat de l&#8217;Institut Escola de Torrelles va celebrar el Carnaval durant la jornada de divendres. Al mat\u00ed, la Comunitat de Joves i la de Grans van ser els protagonistes de la Rua de Carnaval, que va sortir de l&#8217;Edifici Groc i va acabar a l&#8217;Edifici&hellip;  <a href=\"https:\/\/agora.xtec.cat\/ietorrelles\/eso-2\/celebracio-del-carnestoltes-a-linstitut-escola\/\" title=\"Read Celebraci\u00f3 del Carnestoltes a l&#8217;Institut Escola\">Llegeix m\u00e9s\u00bb<\/a><\/p>\n","protected":false},"author":5,"featured_media":1046,"comment_status":"open","ping_status":"closed","sticky":false,"template":"","format":"standard","meta":{"_bbp_topic_count":0,"_bbp_reply_count":0,"_bbp_total_topic_count":0,"_bbp_total_reply_count":0,"_bbp_voice_count":0,"_bbp_anonymous_reply_count":0,"_bbp_topic_count_hidden":0,"_bbp_reply_count_hidden":0,"_bbp_forum_subforum_count":0,"footnotes":""},"categories":[1,2,5],"tags":[122,120,121],"class_list":["post-1043","post","type-post","status-publish","format-standard","has-post-thumbnail","hentry","category-eso-2","category-infantil","category-primaria","tag-carnaval","tag-carnestoltes","tag-festes"],"post_mailing_queue_ids":[],"_links":{"self":[{"href":"https:\/\/agora.xtec.cat\/ietorrelles\/wp-json\/wp\/v2\/posts\/1043","targetHints":{"allow":["GET"]}}],"collection":[{"href":"https:\/\/agora.xtec.cat\/ietorrelles\/wp-json\/wp\/v2\/posts"}],"about":[{"href":"https:\/\/agora.xtec.cat\/ietorrelles\/wp-json\/wp\/v2\/types\/post"}],"author":[{"embeddable":true,"href":"https:\/\/agora.xtec.cat\/ietorrelles\/wp-json\/wp\/v2\/users\/5"}],"replies":[{"embeddable":true,"href":"https:\/\/agora.xtec.cat\/ietorrelles\/wp-json\/wp\/v2\/comments?post=1043"}],"version-history":[{"count":2,"href":"https:\/\/agora.xtec.cat\/ietorrelles\/wp-json\/wp\/v2\/posts\/1043\/revisions"}],"predecessor-version":[{"id":1083,"href":"https:\/\/agora.xtec.cat\/ietorrelles\/wp-json\/wp\/v2\/posts\/1043\/revisions\/1083"}],"wp:featuredmedia":[{"embeddable":true,"href":"https:\/\/agora.xtec.cat\/ietorrelles\/wp-json\/wp\/v2\/media\/1046"}],"wp:attachment":[{"href":"https:\/\/agora.xtec.cat\/ietorrelles\/wp-json\/wp\/v2\/media?parent=1043"}],"wp:term":[{"taxonomy":"category","embeddable":true,"href":"https:\/\/agora.xtec.cat\/ietorrelles\/wp-json\/wp\/v2\/categories?post=1043"},{"taxonomy":"post_tag","embeddable":true,"href":"https:\/\/agora.xtec.cat\/ietorrelles\/wp-json\/wp\/v2\/tags?post=1043"}],"curies":[{"name":"wp","href":"https:\/\/api.w.org\/{rel}","templated":true}]}}