{"id":5741,"date":"2024-09-23T12:20:15","date_gmt":"2024-09-23T10:20:15","guid":{"rendered":"https:\/\/agora.xtec.cat\/ietn\/?p=5741"},"modified":"2024-09-23T12:20:15","modified_gmt":"2024-09-23T10:20:15","slug":"tornen-les-activitats-de-tarda-de-lietn-i-lespai-3-ulls","status":"publish","type":"post","link":"https:\/\/agora.xtec.cat\/ietn\/portada\/tornen-les-activitats-de-tarda-de-lietn-i-lespai-3-ulls\/","title":{"rendered":"Tornen les activitats de tarda de l&#8217;IeTN i l&#8217;Espai 3 Ulls!"},"content":{"rendered":"<p>Arriben les activitats de tarda!<br \/>\nEn tenim moltes i molt interessants, per a infants, joves i adults i com sempre, obertes a tot el ve\u00efnat!<br \/>\nQu\u00e8 aqu\u00ed no es veuen gaire b\u00e9? veritat! \ud83d\ude05<br \/>\nEntra al <a href=\"https:\/\/l.instagram.com\/?u=https%3A%2F%2Fbit.ly%2Ftarda2425&amp;e=AT1LOVEXHZk4OOTGEjpyN-RLn9YR1mxeED1_4c27Xa_Cf-dCNuKnC7a90RFe0c-LS9r5Z9YrM18IsZu4ULvxY8XJJ1BXm3W4bmvnBQw\">link de la nostra bio d&#8217;Instagram<\/a> i descarrega&#8217;t el programa sencer!<br \/>\nA qu\u00e8 t&#8217;apuntes t\u00fa?\u26bd\ufe0f\ud83c\udfc0\ud83d\udefc\ud83c\udfcb\ufe0f\u200d\u2642\ufe0f\ud83e\uddd8\u200d\u2640\ufe0f\ud83e\udd39\ud83c\udfb9\ud83c\udfa8\ud83c\udfad\ud83c\udfac\ud83c\udfb8<\/p>\n<p><img loading=\"lazy\" decoding=\"async\" class=\"alignnone size-large wp-image-5742\" src=\"https:\/\/agora.xtec.cat\/ietn\/wp-content\/uploads\/usu1115\/2024\/09\/act_tarda_24_25_1-1024x724.jpeg\" alt=\"\" width=\"1024\" height=\"724\" srcset=\"https:\/\/agora.xtec.cat\/ietn\/wp-content\/uploads\/usu1115\/2024\/09\/act_tarda_24_25_1-1024x724.jpeg 1024w, https:\/\/agora.xtec.cat\/ietn\/wp-content\/uploads\/usu1115\/2024\/09\/act_tarda_24_25_1-300x212.jpeg 300w, https:\/\/agora.xtec.cat\/ietn\/wp-content\/uploads\/usu1115\/2024\/09\/act_tarda_24_25_1-768x543.jpeg 768w, https:\/\/agora.xtec.cat\/ietn\/wp-content\/uploads\/usu1115\/2024\/09\/act_tarda_24_25_1-1536x1086.jpeg 1536w, https:\/\/agora.xtec.cat\/ietn\/wp-content\/uploads\/usu1115\/2024\/09\/act_tarda_24_25_1.jpeg 1600w\" sizes=\"auto, (max-width: 1024px) 100vw, 1024px\" \/> <img loading=\"lazy\" decoding=\"async\" class=\"alignnone size-large wp-image-5743\" src=\"https:\/\/agora.xtec.cat\/ietn\/wp-content\/uploads\/usu1115\/2024\/09\/act_tarda_24_25_2-1024x724.jpeg\" alt=\"\" width=\"1024\" height=\"724\" srcset=\"https:\/\/agora.xtec.cat\/ietn\/wp-content\/uploads\/usu1115\/2024\/09\/act_tarda_24_25_2-1024x724.jpeg 1024w, https:\/\/agora.xtec.cat\/ietn\/wp-content\/uploads\/usu1115\/2024\/09\/act_tarda_24_25_2-300x212.jpeg 300w, https:\/\/agora.xtec.cat\/ietn\/wp-content\/uploads\/usu1115\/2024\/09\/act_tarda_24_25_2-768x543.jpeg 768w, https:\/\/agora.xtec.cat\/ietn\/wp-content\/uploads\/usu1115\/2024\/09\/act_tarda_24_25_2-1536x1086.jpeg 1536w, https:\/\/agora.xtec.cat\/ietn\/wp-content\/uploads\/usu1115\/2024\/09\/act_tarda_24_25_2.jpeg 1600w\" sizes=\"auto, (max-width: 1024px) 100vw, 1024px\" \/> <img loading=\"lazy\" decoding=\"async\" class=\"alignnone size-large wp-image-5744\" src=\"https:\/\/agora.xtec.cat\/ietn\/wp-content\/uploads\/usu1115\/2024\/09\/act_tarda_24_25_3-1024x724.jpeg\" alt=\"\" width=\"1024\" height=\"724\" srcset=\"https:\/\/agora.xtec.cat\/ietn\/wp-content\/uploads\/usu1115\/2024\/09\/act_tarda_24_25_3-1024x724.jpeg 1024w, https:\/\/agora.xtec.cat\/ietn\/wp-content\/uploads\/usu1115\/2024\/09\/act_tarda_24_25_3-300x212.jpeg 300w, https:\/\/agora.xtec.cat\/ietn\/wp-content\/uploads\/usu1115\/2024\/09\/act_tarda_24_25_3-768x543.jpeg 768w, https:\/\/agora.xtec.cat\/ietn\/wp-content\/uploads\/usu1115\/2024\/09\/act_tarda_24_25_3-1536x1086.jpeg 1536w, https:\/\/agora.xtec.cat\/ietn\/wp-content\/uploads\/usu1115\/2024\/09\/act_tarda_24_25_3.jpeg 1600w\" sizes=\"auto, (max-width: 1024px) 100vw, 1024px\" \/> <img loading=\"lazy\" decoding=\"async\" class=\"alignnone size-large wp-image-5745\" src=\"https:\/\/agora.xtec.cat\/ietn\/wp-content\/uploads\/usu1115\/2024\/09\/act_tarda_24_25_4-1024x724.jpeg\" alt=\"\" width=\"1024\" height=\"724\" srcset=\"https:\/\/agora.xtec.cat\/ietn\/wp-content\/uploads\/usu1115\/2024\/09\/act_tarda_24_25_4-1024x724.jpeg 1024w, https:\/\/agora.xtec.cat\/ietn\/wp-content\/uploads\/usu1115\/2024\/09\/act_tarda_24_25_4-300x212.jpeg 300w, https:\/\/agora.xtec.cat\/ietn\/wp-content\/uploads\/usu1115\/2024\/09\/act_tarda_24_25_4-768x543.jpeg 768w, https:\/\/agora.xtec.cat\/ietn\/wp-content\/uploads\/usu1115\/2024\/09\/act_tarda_24_25_4-1536x1086.jpeg 1536w, https:\/\/agora.xtec.cat\/ietn\/wp-content\/uploads\/usu1115\/2024\/09\/act_tarda_24_25_4.jpeg 1600w\" sizes=\"auto, (max-width: 1024px) 100vw, 1024px\" \/><\/p>\n","protected":false},"excerpt":{"rendered":"<p>Arriben les activitats de tarda!<br \/>\nEn tenim moltes i molt interessants, per a infants, joves i adults i com sempre, obertes a tot el ve\u00efnat!<br \/>\nQu\u00e8 aqu\u00ed no es veuen gaire b\u00e9? veritat! \ud83d\ude05<br \/>\nEntra al <a href=\"https:\/\/l.instagram.com\/?u=https%3A%2F%2Fbit.ly%2Ftarda2425&amp;e=AT1LOVEXHZk4OOTGEjpyN-RLn9YR1mxeED1_4c27Xa_Cf-dCNuKnC7a90RFe0c-LS9r5Z9YrM18IsZu4ULvxY8XJJ1BXm3W4bmvnBQw\">link de la nostra bio d&#8217;Instagram<\/a> i descarrega&#8217;t el programa sencer!<br \/>\nA&hellip;  <a href=\"https:\/\/agora.xtec.cat\/ietn\/portada\/tornen-les-activitats-de-tarda-de-lietn-i-lespai-3-ulls\/\" title=\"Read Tornen les activitats de tarda de l&#8217;IeTN i l&#8217;Espai 3 Ulls!\">Llegeix m\u00e9s\u00bb<\/a><\/p>\n","protected":false},"author":3,"featured_media":0,"comment_status":"open","ping_status":"closed","sticky":false,"template":"","format":"standard","meta":{"_bbp_topic_count":0,"_bbp_reply_count":0,"_bbp_total_topic_count":0,"_bbp_total_reply_count":0,"_bbp_voice_count":0,"_bbp_anonymous_reply_count":0,"_bbp_topic_count_hidden":0,"_bbp_reply_count_hidden":0,"_bbp_forum_subforum_count":0,"footnotes":""},"categories":[29],"tags":[],"class_list":["post-5741","post","type-post","status-publish","format-standard","hentry","category-portada"],"post_mailing_queue_ids":[],"_links":{"self":[{"href":"https:\/\/agora.xtec.cat\/ietn\/wp-json\/wp\/v2\/posts\/5741","targetHints":{"allow":["GET"]}}],"collection":[{"href":"https:\/\/agora.xtec.cat\/ietn\/wp-json\/wp\/v2\/posts"}],"about":[{"href":"https:\/\/agora.xtec.cat\/ietn\/wp-json\/wp\/v2\/types\/post"}],"author":[{"embeddable":true,"href":"https:\/\/agora.xtec.cat\/ietn\/wp-json\/wp\/v2\/users\/3"}],"replies":[{"embeddable":true,"href":"https:\/\/agora.xtec.cat\/ietn\/wp-json\/wp\/v2\/comments?post=5741"}],"version-history":[{"count":1,"href":"https:\/\/agora.xtec.cat\/ietn\/wp-json\/wp\/v2\/posts\/5741\/revisions"}],"predecessor-version":[{"id":5746,"href":"https:\/\/agora.xtec.cat\/ietn\/wp-json\/wp\/v2\/posts\/5741\/revisions\/5746"}],"wp:attachment":[{"href":"https:\/\/agora.xtec.cat\/ietn\/wp-json\/wp\/v2\/media?parent=5741"}],"wp:term":[{"taxonomy":"category","embeddable":true,"href":"https:\/\/agora.xtec.cat\/ietn\/wp-json\/wp\/v2\/categories?post=5741"},{"taxonomy":"post_tag","embeddable":true,"href":"https:\/\/agora.xtec.cat\/ietn\/wp-json\/wp\/v2\/tags?post=5741"}],"curies":[{"name":"wp","href":"https:\/\/api.w.org\/{rel}","templated":true}]}}