{"id":4943,"date":"2021-06-14T14:11:29","date_gmt":"2021-06-14T12:11:29","guid":{"rendered":"http:\/\/agora.xtec.cat\/ietn\/?p=4943"},"modified":"2021-06-14T14:11:29","modified_gmt":"2021-06-14T12:11:29","slug":"el-curt-larribada-a-la-filmoteca-de-catalunya","status":"publish","type":"post","link":"https:\/\/agora.xtec.cat\/ietn\/general\/el-curt-larribada-a-la-filmoteca-de-catalunya\/","title":{"rendered":"El curt &#8220;L&#8217;arribada&#8221; a la Filmoteca de Catalunya!"},"content":{"rendered":"<p>L&#8217;alumnat\u00a0 de 1r d&#8217;Eso ha presentat el curt <strong>L&#8217;arribada<\/strong> a la Filmoteca de Catalunya. La pe\u00e7a audiovisual ha estat creada pels alumnes de la m\u00e0 del cineasta Jordi Morat\u00f3 dins el projecte <strong>Cinema en curs.<\/strong> La jornada ha posat en com\u00fa les creacions de diferents escoles i ha concl\u00f2s cada projecci\u00f3 amb un debat obert sobre el proc\u00e9s de ideaci\u00f3, rodatge i edici\u00f3. Ha estat molt emocionant!<\/p>\n<p><span style=\"font-weight: 400;\">&#8220;Amb el curt l&#8217;Arribada vol\u00edem mostrar la nostra realitat, que \u00e9s que vivim envoltats d\u2019una gran diversitat d\u2019idiomes, cultures i or\u00edgens. Per aix\u00f2 hem escollit que la nostra protagonista, la Karin\u00e9, canvi\u00e9s de pa\u00eds i d\u2019escola, perqu\u00e8 \u00e9s una situaci\u00f3 que ens representa a gaireb\u00e9 tota la classe.&#8221;<\/span><\/p>\n<p><img loading=\"lazy\" decoding=\"async\" class=\"alignnone  wp-image-4944\" src=\"https:\/\/agora.xtec.cat\/ietn\/wp-content\/uploads\/usu1115\/2021\/06\/PEQUE-1-300x169.jpg\" alt=\"\" width=\"281\" height=\"158\" srcset=\"https:\/\/agora.xtec.cat\/ietn\/wp-content\/uploads\/usu1115\/2021\/06\/PEQUE-1-300x169.jpg 300w, https:\/\/agora.xtec.cat\/ietn\/wp-content\/uploads\/usu1115\/2021\/06\/PEQUE-1-768x432.jpg 768w, https:\/\/agora.xtec.cat\/ietn\/wp-content\/uploads\/usu1115\/2021\/06\/PEQUE-1-1024x576.jpg 1024w\" sizes=\"auto, (max-width: 281px) 100vw, 281px\" \/><span style=\"font-family: inherit; font-size: 1em;\">\u00a0<\/span><span style=\"font-family: inherit; font-size: 1em;\">\u00a0\u00a0<\/span><img loading=\"lazy\" decoding=\"async\" class=\"wp-image-4945 alignnone\" src=\"https:\/\/agora.xtec.cat\/ietn\/wp-content\/uploads\/usu1115\/2021\/06\/PEQUE-2-300x169.jpg\" alt=\"\" width=\"283\" height=\"159\" srcset=\"https:\/\/agora.xtec.cat\/ietn\/wp-content\/uploads\/usu1115\/2021\/06\/PEQUE-2-300x169.jpg 300w, https:\/\/agora.xtec.cat\/ietn\/wp-content\/uploads\/usu1115\/2021\/06\/PEQUE-2-768x432.jpg 768w, https:\/\/agora.xtec.cat\/ietn\/wp-content\/uploads\/usu1115\/2021\/06\/PEQUE-2-1024x576.jpg 1024w\" sizes=\"auto, (max-width: 283px) 100vw, 283px\" \/><\/p>\n<p><img loading=\"lazy\" decoding=\"async\" class=\"wp-image-4946 alignleft\" style=\"font-family: inherit; font-size: 1em;\" src=\"https:\/\/agora.xtec.cat\/ietn\/wp-content\/uploads\/usu1115\/2021\/06\/PEQUE-3-300x169.jpg\" alt=\"\" width=\"277\" height=\"156\" srcset=\"https:\/\/agora.xtec.cat\/ietn\/wp-content\/uploads\/usu1115\/2021\/06\/PEQUE-3-300x169.jpg 300w, https:\/\/agora.xtec.cat\/ietn\/wp-content\/uploads\/usu1115\/2021\/06\/PEQUE-3-768x432.jpg 768w, https:\/\/agora.xtec.cat\/ietn\/wp-content\/uploads\/usu1115\/2021\/06\/PEQUE-3-1024x576.jpg 1024w\" sizes=\"auto, (max-width: 277px) 100vw, 277px\" \/><img loading=\"lazy\" decoding=\"async\" class=\"wp-image-4948 alignleft\" src=\"https:\/\/agora.xtec.cat\/ietn\/wp-content\/uploads\/usu1115\/2021\/06\/PEQUE-5-300x169.jpg\" alt=\"\" width=\"276\" height=\"156\" srcset=\"https:\/\/agora.xtec.cat\/ietn\/wp-content\/uploads\/usu1115\/2021\/06\/PEQUE-5-300x169.jpg 300w, https:\/\/agora.xtec.cat\/ietn\/wp-content\/uploads\/usu1115\/2021\/06\/PEQUE-5-768x432.jpg 768w, https:\/\/agora.xtec.cat\/ietn\/wp-content\/uploads\/usu1115\/2021\/06\/PEQUE-5-1024x576.jpg 1024w\" sizes=\"auto, (max-width: 276px) 100vw, 276px\" \/><\/p>\n","protected":false},"excerpt":{"rendered":"<p>El curt &#8220;L&#8217;arribada&#8221; a la Filmoteca de Catalunya!&hellip;  <a href=\"https:\/\/agora.xtec.cat\/ietn\/general\/el-curt-larribada-a-la-filmoteca-de-catalunya\/\" title=\"Read El curt &#8220;L&#8217;arribada&#8221; a la Filmoteca de Catalunya!\">Llegeix m\u00e9s\u00bb<\/a><\/p>\n","protected":false},"author":10,"featured_media":4948,"comment_status":"open","ping_status":"closed","sticky":false,"template":"","format":"standard","meta":{"_bbp_topic_count":0,"_bbp_reply_count":0,"_bbp_total_topic_count":0,"_bbp_total_reply_count":0,"_bbp_voice_count":0,"_bbp_anonymous_reply_count":0,"_bbp_topic_count_hidden":0,"_bbp_reply_count_hidden":0,"_bbp_forum_subforum_count":0,"footnotes":""},"categories":[109,4,143,1,29],"tags":[],"class_list":["post-4943","post","type-post","status-publish","format-standard","has-post-thumbnail","hentry","category-escoleta-verda","category-eso-1","category-fotos","category-general","category-portada"],"post_mailing_queue_ids":[],"_links":{"self":[{"href":"https:\/\/agora.xtec.cat\/ietn\/wp-json\/wp\/v2\/posts\/4943","targetHints":{"allow":["GET"]}}],"collection":[{"href":"https:\/\/agora.xtec.cat\/ietn\/wp-json\/wp\/v2\/posts"}],"about":[{"href":"https:\/\/agora.xtec.cat\/ietn\/wp-json\/wp\/v2\/types\/post"}],"author":[{"embeddable":true,"href":"https:\/\/agora.xtec.cat\/ietn\/wp-json\/wp\/v2\/users\/10"}],"replies":[{"embeddable":true,"href":"https:\/\/agora.xtec.cat\/ietn\/wp-json\/wp\/v2\/comments?post=4943"}],"version-history":[{"count":3,"href":"https:\/\/agora.xtec.cat\/ietn\/wp-json\/wp\/v2\/posts\/4943\/revisions"}],"predecessor-version":[{"id":4953,"href":"https:\/\/agora.xtec.cat\/ietn\/wp-json\/wp\/v2\/posts\/4943\/revisions\/4953"}],"wp:featuredmedia":[{"embeddable":true,"href":"https:\/\/agora.xtec.cat\/ietn\/wp-json\/wp\/v2\/media\/4948"}],"wp:attachment":[{"href":"https:\/\/agora.xtec.cat\/ietn\/wp-json\/wp\/v2\/media?parent=4943"}],"wp:term":[{"taxonomy":"category","embeddable":true,"href":"https:\/\/agora.xtec.cat\/ietn\/wp-json\/wp\/v2\/categories?post=4943"},{"taxonomy":"post_tag","embeddable":true,"href":"https:\/\/agora.xtec.cat\/ietn\/wp-json\/wp\/v2\/tags?post=4943"}],"curies":[{"name":"wp","href":"https:\/\/api.w.org\/{rel}","templated":true}]}}