{"id":4831,"date":"2021-06-01T18:46:06","date_gmt":"2021-06-01T16:46:06","guid":{"rendered":"http:\/\/agora.xtec.cat\/ietn\/?p=4831"},"modified":"2021-06-02T18:47:00","modified_gmt":"2021-06-02T16:47:00","slug":"mostra-dart-el-cos-i-la-identitat","status":"publish","type":"post","link":"https:\/\/agora.xtec.cat\/ietn\/portada\/mostra-dart-el-cos-i-la-identitat\/","title":{"rendered":"MOSTRA D&#8217;ART &#8220;EL COS I LA IDENTITAT&#8221;"},"content":{"rendered":"<p>Les nenes i nens de 2n de prim\u00e0ria durant aquest curs hem estat treballant el projecte <strong>&#8220;El cos i la identitat&#8221;<\/strong> a partir de les arts pl\u00e0stiques.<\/p>\n<p>Hem apr\u00e8s moltes coses interesants que ens ha ajudat a tenir m\u00e9s consci\u00e8ncia de qu\u00e8 \u00e9s la identitat i con\u00e8ixer-nos millor a totes nosaltres. Per aix\u00f2 ho volem compartir amb totes i tots vosaltres.<\/p>\n<p>Us c<span style=\"font-family: inherit;font-size: 1em\">onvidem a venir a<em> l&#8217;institut escola Trinitat Nova<\/em> a partir del<\/span><strong style=\"font-family: inherit;font-size: 1em\"> 4 de juny fins el 18<\/strong><span style=\"font-family: inherit;font-size: 1em\">.\u00a0 La mostra d&#8217;art estar\u00e0 muntada al costat de la secretaria de l&#8217;edifici de Petits.<\/span><\/p>\n<p><img loading=\"lazy\" decoding=\"async\" class=\"alignright\" src=\"https:\/\/agora.xtec.cat\/ietn\/wp-content\/uploads\/usu1115\/2021\/06\/CARTELL.png\" width=\"142\" height=\"202\" \/><\/p>\n<table style=\"width: 267px;height: 45px\">\n<tbody>\n<tr>\n<td style=\"width: 47.1875px\"><img loading=\"lazy\" decoding=\"async\" class=\"wp-image-4837 alignleft\" style=\"font-family: inherit;font-size: 1em\" src=\"https:\/\/agora.xtec.cat\/ietn\/wp-content\/uploads\/usu1115\/2021\/06\/MAPS.png\" alt=\"\" width=\"26\" height=\"26\" srcset=\"https:\/\/agora.xtec.cat\/ietn\/wp-content\/uploads\/usu1115\/2021\/06\/MAPS.png 225w, https:\/\/agora.xtec.cat\/ietn\/wp-content\/uploads\/usu1115\/2021\/06\/MAPS-100x100.png 100w\" sizes=\"auto, (max-width: 26px) 100vw, 26px\" \/><\/td>\n<td style=\"width: 211.812px\"><span style=\"font-size: 16px\">C\/ de la Predrosa, 16.\u00a0<\/span><\/td>\n<\/tr>\n<\/tbody>\n<\/table>\n<p>Tamb\u00e9 podeu fer una visita virtual de la nostra mostra.<\/p>\n<p>Us hi esperem!<\/p>\n","protected":false},"excerpt":{"rendered":"<p>Les nenes i nens de 2n de prim\u00e0ria durant aquest curs hem estat treballant el projecte &#8220;El cos i la identitat&#8221; a partir de les arts pl\u00e0stiques.<br \/>\nHem apr\u00e8s moltes coses interesants que ens ha ajudat a tenir m\u00e9s consci\u00e8ncia de qu\u00e8 \u00e9s la identitat i&hellip;  <a href=\"https:\/\/agora.xtec.cat\/ietn\/portada\/mostra-dart-el-cos-i-la-identitat\/\" title=\"Read MOSTRA D&#8217;ART &#8220;EL COS I LA IDENTITAT&#8221;\">Llegeix m\u00e9s\u00bb<\/a><\/p>\n","protected":false},"author":12,"featured_media":4834,"comment_status":"open","ping_status":"closed","sticky":false,"template":"","format":"standard","meta":{"_bbp_topic_count":0,"_bbp_reply_count":0,"_bbp_total_topic_count":0,"_bbp_total_reply_count":0,"_bbp_voice_count":0,"_bbp_anonymous_reply_count":0,"_bbp_topic_count_hidden":0,"_bbp_reply_count_hidden":0,"_bbp_forum_subforum_count":0,"footnotes":""},"categories":[121,29],"tags":[],"class_list":["post-4831","post","type-post","status-publish","format-standard","has-post-thumbnail","hentry","category-2n-primaria","category-portada"],"post_mailing_queue_ids":[],"_links":{"self":[{"href":"https:\/\/agora.xtec.cat\/ietn\/wp-json\/wp\/v2\/posts\/4831","targetHints":{"allow":["GET"]}}],"collection":[{"href":"https:\/\/agora.xtec.cat\/ietn\/wp-json\/wp\/v2\/posts"}],"about":[{"href":"https:\/\/agora.xtec.cat\/ietn\/wp-json\/wp\/v2\/types\/post"}],"author":[{"embeddable":true,"href":"https:\/\/agora.xtec.cat\/ietn\/wp-json\/wp\/v2\/users\/12"}],"replies":[{"embeddable":true,"href":"https:\/\/agora.xtec.cat\/ietn\/wp-json\/wp\/v2\/comments?post=4831"}],"version-history":[{"count":3,"href":"https:\/\/agora.xtec.cat\/ietn\/wp-json\/wp\/v2\/posts\/4831\/revisions"}],"predecessor-version":[{"id":4839,"href":"https:\/\/agora.xtec.cat\/ietn\/wp-json\/wp\/v2\/posts\/4831\/revisions\/4839"}],"wp:featuredmedia":[{"embeddable":true,"href":"https:\/\/agora.xtec.cat\/ietn\/wp-json\/wp\/v2\/media\/4834"}],"wp:attachment":[{"href":"https:\/\/agora.xtec.cat\/ietn\/wp-json\/wp\/v2\/media?parent=4831"}],"wp:term":[{"taxonomy":"category","embeddable":true,"href":"https:\/\/agora.xtec.cat\/ietn\/wp-json\/wp\/v2\/categories?post=4831"},{"taxonomy":"post_tag","embeddable":true,"href":"https:\/\/agora.xtec.cat\/ietn\/wp-json\/wp\/v2\/tags?post=4831"}],"curies":[{"name":"wp","href":"https:\/\/api.w.org\/{rel}","templated":true}]}}