{"id":4786,"date":"2021-05-14T12:50:52","date_gmt":"2021-05-14T10:50:52","guid":{"rendered":"http:\/\/agora.xtec.cat\/ietn\/?p=4786"},"modified":"2021-05-14T12:50:52","modified_gmt":"2021-05-14T10:50:52","slug":"ja-podeu-veure-lespectacle-de-circ-quatre-arbres-i-tres-gels","status":"publish","type":"post","link":"https:\/\/agora.xtec.cat\/ietn\/general\/ja-podeu-veure-lespectacle-de-circ-quatre-arbres-i-tres-gels\/","title":{"rendered":"Ja podeu veure l&#8217;espectacle de circ &#8220;Quatre arbres i tres gels&#8221;"},"content":{"rendered":"<p>La setmana passada els i les alumnes de 1r d&#8217;Eso T van presentar l&#8217;espectacle de circ &#8220;Quatre arbres i tres gels&#8221; a l&#8217;Ateneu de 9 barris.<\/p>\n<p>L&#8217;espectacle presenta les diferents t\u00e8cniques de circ que han apr\u00e8s durant el curs aix\u00ed com les seves creacions audiovisuals i la can\u00e7\u00f3 final que han gravat ells mateixos a l&#8217;aula de m\u00fasica.<\/p>\n<p>Teniu ganes de reflexionar sobre el canvi clim\u00e0tic? Endavant!<\/p>\n<p><iframe loading=\"lazy\" title=\"Espectacle de circ &quot;Quatre arbres i tres gels&quot; (Primer d&#039;Eso T)\" width=\"500\" height=\"281\" src=\"https:\/\/www.youtube.com\/embed\/G866c4Gt7ik?feature=oembed\" frameborder=\"0\" allow=\"accelerometer; autoplay; clipboard-write; encrypted-media; gyroscope; picture-in-picture; web-share\" referrerpolicy=\"strict-origin-when-cross-origin\" allowfullscreen><\/iframe><\/p>\n","protected":false},"excerpt":{"rendered":"<p>Ja podeu veure l&#8217;espectacle de circ &#8220;Quatre arbres i tres gels&#8221;!&hellip;  <a href=\"https:\/\/agora.xtec.cat\/ietn\/general\/ja-podeu-veure-lespectacle-de-circ-quatre-arbres-i-tres-gels\/\" title=\"Read Ja podeu veure l&#8217;espectacle de circ &#8220;Quatre arbres i tres gels&#8221;\">Llegeix m\u00e9s\u00bb<\/a><\/p>\n","protected":false},"author":10,"featured_media":4795,"comment_status":"open","ping_status":"closed","sticky":false,"template":"","format":"standard","meta":{"_bbp_topic_count":0,"_bbp_reply_count":0,"_bbp_total_topic_count":0,"_bbp_total_reply_count":0,"_bbp_voice_count":0,"_bbp_anonymous_reply_count":0,"_bbp_topic_count_hidden":0,"_bbp_reply_count_hidden":0,"_bbp_forum_subforum_count":0,"footnotes":""},"categories":[237,117,109,1,29],"tags":[],"class_list":["post-4786","post","type-post","status-publish","format-standard","has-post-thumbnail","hentry","category-centre","category-diari-descola","category-escoleta-verda","category-general","category-portada"],"post_mailing_queue_ids":[],"_links":{"self":[{"href":"https:\/\/agora.xtec.cat\/ietn\/wp-json\/wp\/v2\/posts\/4786","targetHints":{"allow":["GET"]}}],"collection":[{"href":"https:\/\/agora.xtec.cat\/ietn\/wp-json\/wp\/v2\/posts"}],"about":[{"href":"https:\/\/agora.xtec.cat\/ietn\/wp-json\/wp\/v2\/types\/post"}],"author":[{"embeddable":true,"href":"https:\/\/agora.xtec.cat\/ietn\/wp-json\/wp\/v2\/users\/10"}],"replies":[{"embeddable":true,"href":"https:\/\/agora.xtec.cat\/ietn\/wp-json\/wp\/v2\/comments?post=4786"}],"version-history":[{"count":1,"href":"https:\/\/agora.xtec.cat\/ietn\/wp-json\/wp\/v2\/posts\/4786\/revisions"}],"predecessor-version":[{"id":4794,"href":"https:\/\/agora.xtec.cat\/ietn\/wp-json\/wp\/v2\/posts\/4786\/revisions\/4794"}],"wp:featuredmedia":[{"embeddable":true,"href":"https:\/\/agora.xtec.cat\/ietn\/wp-json\/wp\/v2\/media\/4795"}],"wp:attachment":[{"href":"https:\/\/agora.xtec.cat\/ietn\/wp-json\/wp\/v2\/media?parent=4786"}],"wp:term":[{"taxonomy":"category","embeddable":true,"href":"https:\/\/agora.xtec.cat\/ietn\/wp-json\/wp\/v2\/categories?post=4786"},{"taxonomy":"post_tag","embeddable":true,"href":"https:\/\/agora.xtec.cat\/ietn\/wp-json\/wp\/v2\/tags?post=4786"}],"curies":[{"name":"wp","href":"https:\/\/api.w.org\/{rel}","templated":true}]}}