{"id":4312,"date":"2021-01-18T17:38:28","date_gmt":"2021-01-18T16:38:28","guid":{"rendered":"http:\/\/agora.xtec.cat\/ietn\/?p=4312"},"modified":"2021-01-18T18:23:28","modified_gmt":"2021-01-18T17:23:28","slug":"recull-de-moments-del-1r-trimestre-de-p5-20-21","status":"publish","type":"post","link":"https:\/\/agora.xtec.cat\/ietn\/general\/recull-de-moments-del-1r-trimestre-de-p5-20-21\/","title":{"rendered":"Recull de moments del 1r trimestre de P5 20\/21"},"content":{"rendered":"<p>Una vegada superat el 1r trimestre us deixem a l&#8217;abast un recull de fotografies i petits v\u00eddeos del nostre dia a dia. A m\u00e9s, tamb\u00e9 us deixem el <a href=\"https:\/\/www.youtube.com\/watch?v=_CZxqvIGG68&amp;ab_channel=ieTrinitatNova\">v\u00eddeo<\/a> de com treballem a l&#8217;aula.<\/p>\n<p>Si voleu accedir a l&#8217;\u00e0lbum cliqueu a la imatge!<\/p>\n<p><a href=\"https:\/\/photos.app.goo.gl\/nQFs8xs8M9NX57eF9\"><img loading=\"lazy\" decoding=\"async\" class=\"aligncenter size-large wp-image-4313\" src=\"https:\/\/agora.xtec.cat\/ietn\/wp-content\/uploads\/usu1115\/2021\/01\/fotos-P5-1024x576.jpg\" alt=\"\" width=\"1024\" height=\"576\" srcset=\"https:\/\/agora.xtec.cat\/ietn\/wp-content\/uploads\/usu1115\/2021\/01\/fotos-P5-1024x576.jpg 1024w, https:\/\/agora.xtec.cat\/ietn\/wp-content\/uploads\/usu1115\/2021\/01\/fotos-P5-300x169.jpg 300w, https:\/\/agora.xtec.cat\/ietn\/wp-content\/uploads\/usu1115\/2021\/01\/fotos-P5-768x432.jpg 768w, https:\/\/agora.xtec.cat\/ietn\/wp-content\/uploads\/usu1115\/2021\/01\/fotos-P5.jpg 1920w\" sizes=\"auto, (max-width: 1024px) 100vw, 1024px\" \/><\/a><\/p>\n","protected":false},"excerpt":{"rendered":"<p>Una vegada superat el 1r trimestre us deixem a l&#8217;abast un recull de fotografies i petits v\u00eddeos del nostre dia a dia. A m\u00e9s, tamb\u00e9 us deixem el <a href=\"https:\/\/www.youtube.com\/watch?v=_CZxqvIGG68&amp;ab_channel=ieTrinitatNova\">v\u00eddeo<\/a> de com treballem a l&#8217;aula.<br \/>\nSi voleu accedir a l&#8217;\u00e0lbum cliqueu a la imatge!<br \/>\n<a href=\"https:\/\/photos.app.goo.gl\/nQFs8xs8M9NX57eF9\"><\/a><\/p>\n","protected":false},"author":8,"featured_media":0,"comment_status":"open","ping_status":"closed","sticky":false,"template":"","format":"standard","meta":{"_bbp_topic_count":0,"_bbp_reply_count":0,"_bbp_total_topic_count":0,"_bbp_total_reply_count":0,"_bbp_voice_count":0,"_bbp_anonymous_reply_count":0,"_bbp_topic_count_hidden":0,"_bbp_reply_count_hidden":0,"_bbp_forum_subforum_count":0,"footnotes":""},"categories":[108,143,1,113,29],"tags":[],"class_list":["post-4312","post","type-post","status-publish","format-standard","hentry","category-escoleta-taronja","category-fotos","category-general","category-i5","category-portada"],"post_mailing_queue_ids":[],"_links":{"self":[{"href":"https:\/\/agora.xtec.cat\/ietn\/wp-json\/wp\/v2\/posts\/4312","targetHints":{"allow":["GET"]}}],"collection":[{"href":"https:\/\/agora.xtec.cat\/ietn\/wp-json\/wp\/v2\/posts"}],"about":[{"href":"https:\/\/agora.xtec.cat\/ietn\/wp-json\/wp\/v2\/types\/post"}],"author":[{"embeddable":true,"href":"https:\/\/agora.xtec.cat\/ietn\/wp-json\/wp\/v2\/users\/8"}],"replies":[{"embeddable":true,"href":"https:\/\/agora.xtec.cat\/ietn\/wp-json\/wp\/v2\/comments?post=4312"}],"version-history":[{"count":2,"href":"https:\/\/agora.xtec.cat\/ietn\/wp-json\/wp\/v2\/posts\/4312\/revisions"}],"predecessor-version":[{"id":4315,"href":"https:\/\/agora.xtec.cat\/ietn\/wp-json\/wp\/v2\/posts\/4312\/revisions\/4315"}],"wp:attachment":[{"href":"https:\/\/agora.xtec.cat\/ietn\/wp-json\/wp\/v2\/media?parent=4312"}],"wp:term":[{"taxonomy":"category","embeddable":true,"href":"https:\/\/agora.xtec.cat\/ietn\/wp-json\/wp\/v2\/categories?post=4312"},{"taxonomy":"post_tag","embeddable":true,"href":"https:\/\/agora.xtec.cat\/ietn\/wp-json\/wp\/v2\/tags?post=4312"}],"curies":[{"name":"wp","href":"https:\/\/api.w.org\/{rel}","templated":true}]}}