{"id":4217,"date":"2020-09-23T16:35:44","date_gmt":"2020-09-23T14:35:44","guid":{"rendered":"http:\/\/agora.xtec.cat\/ietn\/?p=4217"},"modified":"2020-09-23T16:35:44","modified_gmt":"2020-09-23T14:35:44","slug":"nova-xarxa-de-resposta-socioeconomica","status":"publish","type":"post","link":"https:\/\/agora.xtec.cat\/ietn\/general\/nova-xarxa-de-resposta-socioeconomica\/","title":{"rendered":"Nova Xarxa de Resposta Socioecon\u00f2mica"},"content":{"rendered":"<p><span class=\"css-901oao css-16my406 r-1qd0xha r-ad9z0x r-bcqeeo r-qvutc0\">Nova Xarxa de Resposta Socioecon\u00f2mica: servei d&#8217;acompanyament a la tramitaci\u00f3 de les ajudes p\u00fabliques arrel de la Covid-19. Barris: Trinitat Vella, Bes\u00f3s i Maresme, Raval i G\u00f2tic, Trinitat Nova, La Marina i Zona Nord. Tota la informaci\u00f3 al link: <\/span><a class=\"r-1n1174f r-1loqt21 r-1qd0xha r-ad9z0x r-bcqeeo r-qvutc0 css-4rbku5 css-18t94o4 css-901oao css-16my406\" title=\"http:\/\/bit.ly\/xarse\" role=\"link\" href=\"https:\/\/t.co\/jAJCZu2F64?amp=1\" target=\"_blank\" rel=\"noopener noreferrer\" data-focusable=\"true\"><span class=\"css-901oao css-16my406 r-1qd0xha r-hiw28u r-ad9z0x r-bcqeeo r-qvutc0\" aria-hidden=\"true\">http:\/\/<\/span>bit.ly\/xarse<\/a><\/p>\n<p><img loading=\"lazy\" decoding=\"async\" class=\"alignnone size-full wp-image-4218\" src=\"https:\/\/agora.xtec.cat\/ietn\/wp-content\/uploads\/usu1115\/2020\/09\/Xarxa-ajudes1-100.jpg\" alt=\"\" width=\"750\" height=\"500\" srcset=\"https:\/\/agora.xtec.cat\/ietn\/wp-content\/uploads\/usu1115\/2020\/09\/Xarxa-ajudes1-100.jpg 750w, https:\/\/agora.xtec.cat\/ietn\/wp-content\/uploads\/usu1115\/2020\/09\/Xarxa-ajudes1-100-300x200.jpg 300w\" sizes=\"auto, (max-width: 750px) 100vw, 750px\" \/><\/p>\n<p>&nbsp;<\/p>\n","protected":false},"excerpt":{"rendered":"<p>Nova Xarxa de Resposta Socioecon\u00f2mica: servei d&#8217;acompanyament a la tramitaci\u00f3 de les ajudes p\u00fabliques arrel de la Covid-19. Barris: Trinitat Vella, Bes\u00f3s i Maresme, Raval i G\u00f2tic, Trinitat Nova, La Marina i Zona Nord. Tota la informaci\u00f3 al link: http:\/\/bit.ly\/xarse&hellip;  <a href=\"https:\/\/agora.xtec.cat\/ietn\/general\/nova-xarxa-de-resposta-socioeconomica\/\" title=\"Read Nova Xarxa de Resposta Socioecon\u00f2mica\">Llegeix m\u00e9s\u00bb<\/a><\/p>\n","protected":false},"author":10,"featured_media":0,"comment_status":"open","ping_status":"closed","sticky":false,"template":"","format":"standard","meta":{"_bbp_topic_count":0,"_bbp_reply_count":0,"_bbp_total_topic_count":0,"_bbp_total_reply_count":0,"_bbp_voice_count":0,"_bbp_anonymous_reply_count":0,"_bbp_topic_count_hidden":0,"_bbp_reply_count_hidden":0,"_bbp_forum_subforum_count":0,"footnotes":""},"categories":[1,29],"tags":[164,148,247,246],"class_list":["post-4217","post","type-post","status-publish","format-standard","hentry","category-general","category-portada","tag-nou-barris","tag-trinitat-nova","tag-xarse","tag-xarxes"],"post_mailing_queue_ids":[],"_links":{"self":[{"href":"https:\/\/agora.xtec.cat\/ietn\/wp-json\/wp\/v2\/posts\/4217","targetHints":{"allow":["GET"]}}],"collection":[{"href":"https:\/\/agora.xtec.cat\/ietn\/wp-json\/wp\/v2\/posts"}],"about":[{"href":"https:\/\/agora.xtec.cat\/ietn\/wp-json\/wp\/v2\/types\/post"}],"author":[{"embeddable":true,"href":"https:\/\/agora.xtec.cat\/ietn\/wp-json\/wp\/v2\/users\/10"}],"replies":[{"embeddable":true,"href":"https:\/\/agora.xtec.cat\/ietn\/wp-json\/wp\/v2\/comments?post=4217"}],"version-history":[{"count":1,"href":"https:\/\/agora.xtec.cat\/ietn\/wp-json\/wp\/v2\/posts\/4217\/revisions"}],"predecessor-version":[{"id":4219,"href":"https:\/\/agora.xtec.cat\/ietn\/wp-json\/wp\/v2\/posts\/4217\/revisions\/4219"}],"wp:attachment":[{"href":"https:\/\/agora.xtec.cat\/ietn\/wp-json\/wp\/v2\/media?parent=4217"}],"wp:term":[{"taxonomy":"category","embeddable":true,"href":"https:\/\/agora.xtec.cat\/ietn\/wp-json\/wp\/v2\/categories?post=4217"},{"taxonomy":"post_tag","embeddable":true,"href":"https:\/\/agora.xtec.cat\/ietn\/wp-json\/wp\/v2\/tags?post=4217"}],"curies":[{"name":"wp","href":"https:\/\/api.w.org\/{rel}","templated":true}]}}