{"id":3142,"date":"2020-03-30T21:10:56","date_gmt":"2020-03-30T19:10:56","guid":{"rendered":"http:\/\/agora.xtec.cat\/ietn\/?p=3142"},"modified":"2020-03-30T21:13:45","modified_gmt":"2020-03-30T19:13:45","slug":"la-biblioteca-es-oberta","status":"publish","type":"post","link":"https:\/\/agora.xtec.cat\/ietn\/general\/la-biblioteca-es-oberta\/","title":{"rendered":"La biblioteca \u00e9s oberta"},"content":{"rendered":"<p>Recordeu que aquests dies tamb\u00e9 podeu fer \u00fas del\u00a0<strong>servei de pr\u00e9stec<\/strong>\u00a0de les biblioteques de Barcelona a trav\u00e9s de\u00a0la\u00a0biblioteca\u00a0virtual\u00a0<strong>eBiblio<\/strong>, que\u00a0permet accedir a llibres i revistes, per\u00f2 tamb\u00e9 a un ampli cat\u00e0leg de pel\u00b7l\u00edcules i documentals. Hi podeu accedir des del vostre ordinador, tauleta, m\u00f2bil&#8230; clicant\u00a0<a href=\"https:\/\/catalunya.ebiblio.es\/opac\/#index\">aqu\u00ed<\/a>.<\/p>\n<p><a href=\"https:\/\/agora.xtec.cat\/ietn\/wp-content\/uploads\/usu1115\/2020\/03\/eBiblio-1.jpg\"><img loading=\"lazy\" decoding=\"async\" class=\"size-full wp-image-3154 aligncenter\" src=\"https:\/\/agora.xtec.cat\/ietn\/wp-content\/uploads\/usu1115\/2020\/03\/eBiblio-1.jpg\" alt=\"\" width=\"250\" height=\"180\" \/><\/a><\/p>\n<p>Per accedir-hi, heu d&#8217;utilitzar el n\u00famero de carnet i\u00a0la\u00a0vostra contrasenya. Si no l&#8217;heu canviat mai,\u00a0\u00e9s\u00a0la\u00a0vostra data de naixement, posant el\u00a0<strong>d<\/strong>ia, el\u00a0<strong>m<\/strong>es\u00a0i l&#8217;<strong>a<\/strong>ny, sense cap espai:\u00a0<strong>ddmmaaaa.<\/strong><\/p>\n<p>En aquest\u00a0tutorial, la professora Ester Delgado i el seu fill Mart\u00edn us expliquen com funciona l&#8217;eBiblio:<\/p>\n<p><iframe loading=\"lazy\" title=\"1- Tutorial com veure pel\u00b7l\u00edcules i llegir llibre a eBiblio\" width=\"500\" height=\"281\" src=\"https:\/\/www.youtube.com\/embed\/hWPo8yvmV6M?start=2&#038;feature=oembed\" frameborder=\"0\" allow=\"accelerometer; autoplay; clipboard-write; encrypted-media; gyroscope; picture-in-picture; web-share\" referrerpolicy=\"strict-origin-when-cross-origin\" allowfullscreen><\/iframe><\/p>\n<p>Tamb\u00e9 podeu mirar aquest\u00a0<a href=\"https:\/\/www.youtube.com\/watch?time_continue=130&amp;v=BvEFb5TzKdY&amp;feature=emb_title\">v\u00eddeo<\/a> de la Xarxa de Biblioteques.<\/p>\n<p><a href=\"https:\/\/agora.xtec.cat\/ietn\/wp-content\/uploads\/usu1115\/2020\/03\/carnet-.png\"><img loading=\"lazy\" decoding=\"async\" class=\"wp-image-3148 alignright\" src=\"https:\/\/agora.xtec.cat\/ietn\/wp-content\/uploads\/usu1115\/2020\/03\/carnet--300x157.png\" alt=\"\" width=\"396\" height=\"207\" srcset=\"https:\/\/agora.xtec.cat\/ietn\/wp-content\/uploads\/usu1115\/2020\/03\/carnet--300x157.png 300w, https:\/\/agora.xtec.cat\/ietn\/wp-content\/uploads\/usu1115\/2020\/03\/carnet-.png 546w\" sizes=\"auto, (max-width: 396px) 100vw, 396px\" \/><\/a><\/p>\n<p>&nbsp;<\/p>\n<p><strong>Si no disposeu del carnet<\/strong>, podeu sol\u00b7licitar-lo a trav\u00e9s d&#8217;aquest\u00a0<a href=\"http:\/\/aladi.diba.cat\/screens*cat\/formulari3_cat.html\">formulari<\/a>\u00a0que us permetr\u00e0 donar-vos d&#8217;alta com a usuari.<\/p>\n<p>Nom\u00e9s\u00a0\u00e9s\u00a0v\u00e0lid per als que no tingueu carnet.<\/p>\n<p>&nbsp;<\/p>\n<p>&nbsp;<\/p>\n<p>Si teniu alguna pregunta o algun dubte sobre l&#8217;eBiblio o sobre com registrar-vos, podeu escriure un correu a l\u2019Agust\u00ed: <a href=\"mailto:amontardit@ietn.cat\">amontardit@ietn.cat<\/a><\/p>\n<p>I si teniu alguna incid\u00e8ncia amb el carnet o no hi podeu accedir, podeu enviar un correu a:\u00a0<a href=\"mailto:e-biblio.cultura@gencat.cat\">e-biblio.cultura@gencat.cat<\/a>.<\/p>\n<p>Som-hi!<\/p>\n<p><iframe loading=\"lazy\" src=\"\/\/giphy.com\/embed\/7E8lI6TkLrvvAcPXso\" width=\"480\" height=\"270\" frameborder=\"0\"><\/iframe><\/p>\n","protected":false},"excerpt":{"rendered":"<p>Aquests dies tamb\u00e9 podeu fer \u00fas del servei de pr\u00e9stec\u00a0de les biblioteques de Barcelona&hellip;  <a href=\"https:\/\/agora.xtec.cat\/ietn\/general\/la-biblioteca-es-oberta\/\" title=\"Read La biblioteca \u00e9s oberta\">Llegeix m\u00e9s\u00bb<\/a><\/p>\n","protected":false},"author":16,"featured_media":3148,"comment_status":"open","ping_status":"closed","sticky":false,"template":"","format":"standard","meta":{"_bbp_topic_count":0,"_bbp_reply_count":0,"_bbp_total_topic_count":0,"_bbp_total_reply_count":0,"_bbp_voice_count":0,"_bbp_anonymous_reply_count":0,"_bbp_topic_count_hidden":0,"_bbp_reply_count_hidden":0,"_bbp_forum_subforum_count":0,"footnotes":""},"categories":[115,3,110,108,109,1,29],"tags":[199],"class_list":["post-3142","post","type-post","status-publish","format-standard","has-post-thumbnail","hentry","category-biblioteca","category-escoleta-blava","category-escoleta-groga","category-escoleta-taronja","category-escoleta-verda","category-general","category-portada","tag-ebiblio"],"post_mailing_queue_ids":[],"_links":{"self":[{"href":"https:\/\/agora.xtec.cat\/ietn\/wp-json\/wp\/v2\/posts\/3142","targetHints":{"allow":["GET"]}}],"collection":[{"href":"https:\/\/agora.xtec.cat\/ietn\/wp-json\/wp\/v2\/posts"}],"about":[{"href":"https:\/\/agora.xtec.cat\/ietn\/wp-json\/wp\/v2\/types\/post"}],"author":[{"embeddable":true,"href":"https:\/\/agora.xtec.cat\/ietn\/wp-json\/wp\/v2\/users\/16"}],"replies":[{"embeddable":true,"href":"https:\/\/agora.xtec.cat\/ietn\/wp-json\/wp\/v2\/comments?post=3142"}],"version-history":[{"count":3,"href":"https:\/\/agora.xtec.cat\/ietn\/wp-json\/wp\/v2\/posts\/3142\/revisions"}],"predecessor-version":[{"id":3155,"href":"https:\/\/agora.xtec.cat\/ietn\/wp-json\/wp\/v2\/posts\/3142\/revisions\/3155"}],"wp:featuredmedia":[{"embeddable":true,"href":"https:\/\/agora.xtec.cat\/ietn\/wp-json\/wp\/v2\/media\/3148"}],"wp:attachment":[{"href":"https:\/\/agora.xtec.cat\/ietn\/wp-json\/wp\/v2\/media?parent=3142"}],"wp:term":[{"taxonomy":"category","embeddable":true,"href":"https:\/\/agora.xtec.cat\/ietn\/wp-json\/wp\/v2\/categories?post=3142"},{"taxonomy":"post_tag","embeddable":true,"href":"https:\/\/agora.xtec.cat\/ietn\/wp-json\/wp\/v2\/tags?post=3142"}],"curies":[{"name":"wp","href":"https:\/\/api.w.org\/{rel}","templated":true}]}}