{"id":3025,"date":"2020-03-08T00:15:09","date_gmt":"2020-03-07T23:15:09","guid":{"rendered":"http:\/\/agora.xtec.cat\/ietn\/?p=3025"},"modified":"2020-03-08T00:16:19","modified_gmt":"2020-03-07T23:16:19","slug":"durant-el-mes-de-gener-i-febrer-a-1r-hem-fet","status":"publish","type":"post","link":"https:\/\/agora.xtec.cat\/ietn\/general\/durant-el-mes-de-gener-i-febrer-a-1r-hem-fet\/","title":{"rendered":"Durant el mes de gener i febrer, a 1r hem fet&#8230;"},"content":{"rendered":"<p>Des que hem comen\u00e7at el segon trimestre, els nens i nenes de 1r hem fet moltes coses, aqu\u00ed us oferim un petit recull de les m\u00e9s destacades:<\/p>\n<p>Hem celebrat el <strong>dia de la Pau,<\/strong>\u00a0hem compartit els nostres desitjos de pau i hem fet enlairar un globus amb els nostres desitjos: <a href=\"https:\/\/photos.google.com\/u\/3\/album\/AF1QipNEcrGk1QRvRKd28ZeeDv8fJzGpTWkbBC7TZ6fN\" target=\"_blank\" rel=\"noopener noreferrer\">dia de la pau escoleta taronja<\/a><\/p>\n<p>Hem celebrat el C<strong>arnestoltes<\/strong> i les fam\u00edlies ens heu ajudat amb les disfresses, an\u00e0vem d&#8217;arbres ametllers!:\u00a0<a href=\"https:\/\/photos.google.com\/u\/3\/album\/AF1QipO5hQJsX40FFtM3234jCD9O3ZUeKil2GsuHQ_yr\" target=\"_blank\" rel=\"noopener noreferrer\">carnaval carnaval<\/a><\/p>\n<p>Hem visitat la <strong>Biblioteca de Roquetes<\/strong>:\u00a0<a href=\"https:\/\/photos.google.com\/u\/3\/album\/AF1QipN5b24UtgHXAnQHawzyS1fHynIOsK8xivUGt5V5\" target=\"_blank\" rel=\"noopener noreferrer\">Biblioteca de Roquetes<\/a><\/p>\n<p>Hem tingut les visites dels<strong> padrins i padrines<\/strong>:\u00a0<a href=\"https:\/\/photos.google.com\/u\/3\/album\/AF1QipNPFDpi6rz80afXxpJB71VgUqYhKAIvNIGoXp-i\">padrins i padrines<\/a><\/p>\n<p>I a psicomotricitat hem treballar el circ!\u00a0<a href=\"https:\/\/photos.google.com\/u\/3\/album\/AF1QipNWBivDiRvDJJT81aLoUmQSZKngHAnWuuSV60gy\" target=\"_blank\" rel=\"noopener noreferrer\">circomotricitat<\/a><\/p>\n<p>M\u00e9s endavant us ensenyarem qu\u00e8 m\u00e9s fem a l&#8217;escola!<\/p>\n","protected":false},"excerpt":{"rendered":"<p>Des que hem comen\u00e7at el segon trimestre, els nens i nenes de 1r hem fet moltes coses, aqu\u00ed us oferim un petit recull de les m\u00e9s destacades:<br \/>\nHem celebrat el dia de la Pau,\u00a0hem compartit els nostres desitjos de pau i hem fet enlairar un globus&hellip;  <a href=\"https:\/\/agora.xtec.cat\/ietn\/general\/durant-el-mes-de-gener-i-febrer-a-1r-hem-fet\/\" title=\"Read Durant el mes de gener i febrer, a 1r hem fet&#8230;\">Llegeix m\u00e9s\u00bb<\/a><\/p>\n","protected":false},"author":8,"featured_media":0,"comment_status":"open","ping_status":"closed","sticky":false,"template":"","format":"standard","meta":{"_bbp_topic_count":0,"_bbp_reply_count":0,"_bbp_total_topic_count":0,"_bbp_total_reply_count":0,"_bbp_voice_count":0,"_bbp_anonymous_reply_count":0,"_bbp_topic_count_hidden":0,"_bbp_reply_count_hidden":0,"_bbp_forum_subforum_count":0,"footnotes":""},"categories":[114,108,1,29],"tags":[],"class_list":["post-3025","post","type-post","status-publish","format-standard","hentry","category-1r-de-primaria","category-escoleta-taronja","category-general","category-portada"],"post_mailing_queue_ids":[],"_links":{"self":[{"href":"https:\/\/agora.xtec.cat\/ietn\/wp-json\/wp\/v2\/posts\/3025","targetHints":{"allow":["GET"]}}],"collection":[{"href":"https:\/\/agora.xtec.cat\/ietn\/wp-json\/wp\/v2\/posts"}],"about":[{"href":"https:\/\/agora.xtec.cat\/ietn\/wp-json\/wp\/v2\/types\/post"}],"author":[{"embeddable":true,"href":"https:\/\/agora.xtec.cat\/ietn\/wp-json\/wp\/v2\/users\/8"}],"replies":[{"embeddable":true,"href":"https:\/\/agora.xtec.cat\/ietn\/wp-json\/wp\/v2\/comments?post=3025"}],"version-history":[{"count":3,"href":"https:\/\/agora.xtec.cat\/ietn\/wp-json\/wp\/v2\/posts\/3025\/revisions"}],"predecessor-version":[{"id":3033,"href":"https:\/\/agora.xtec.cat\/ietn\/wp-json\/wp\/v2\/posts\/3025\/revisions\/3033"}],"wp:attachment":[{"href":"https:\/\/agora.xtec.cat\/ietn\/wp-json\/wp\/v2\/media?parent=3025"}],"wp:term":[{"taxonomy":"category","embeddable":true,"href":"https:\/\/agora.xtec.cat\/ietn\/wp-json\/wp\/v2\/categories?post=3025"},{"taxonomy":"post_tag","embeddable":true,"href":"https:\/\/agora.xtec.cat\/ietn\/wp-json\/wp\/v2\/tags?post=3025"}],"curies":[{"name":"wp","href":"https:\/\/api.w.org\/{rel}","templated":true}]}}