{"id":2671,"date":"2019-03-06T11:49:48","date_gmt":"2019-03-06T10:49:48","guid":{"rendered":"http:\/\/agora.xtec.cat\/ietn\/?p=2671"},"modified":"2019-03-06T11:49:48","modified_gmt":"2019-03-06T10:49:48","slug":"la-trini-se-viene-arriba-rap-per-al-8-de-marc","status":"publish","type":"post","link":"https:\/\/agora.xtec.cat\/ietn\/portada\/la-trini-se-viene-arriba-rap-per-al-8-de-marc\/","title":{"rendered":"La Trini se viene arriba &#8211; Rap per al 8 de mar\u00e7"},"content":{"rendered":"<p><iframe loading=\"lazy\" src=\"\/\/www.youtube.com\/embed\/p8BHVti1NqQ\" width=\"560\" height=\"314\"><\/iframe><\/p>\n<p>Rap per commemorar el dia 8 de mar\u00e7 i reivindicar els valors feministes.<\/p>\n<p>Can\u00e7\u00f3 escrita i interpretada pels alumnes de 6\u00e8:<\/p>\n<p>Ibraheem, Ana, Carlos, Thalia, Alexandra, Juan, Iman, Elena, Lukman, Roger, Youssef, Yasmin, Livin, Zhanpeng, Esteban, Anthony, Irene, Denzel, Nicol\u00e1s, Mariana, Nayara, Omar, Aisha, Akash, Aya, Mariam, Arvind, Sara, Aliyan, Manuel, Mudassar, Anoushka, Catiana, Kelly, Saba, Erelys, Reehan, Rehan, Sof\u00eda, Nixon, Nesthor, Sameer, Alison, Aaron, Rabab.<\/p>\n<p>Un projecte musical de creaci\u00f3 de RAP dinamitzat per<br \/>\nOLI I MAD del grup de rap feminista \u201cLa Clika Pika\u201d<br \/>\n@laclikapika<\/p>\n<p>Equip educatiu IETN:<\/p>\n<p>Base musical: Marcos Ruescas<\/p>\n<p>Coordinaci\u00f3 del projecte: Maria Clap\u00e9s<\/p>\n<p>Edici\u00f3: Lupe Capell Gasol<\/p>\n<p>Gravaci\u00f3 del v\u00eddeo feta pels propis alumnes.<\/p>\n<p>Acompanyament del projecte: Joaquina Gonz\u00e1lez, Alba Sanagust\u00edn, Laura Casares<\/p>\n<p>Agra\u00efments: Sergi Ferret\u00e9, Otger Cano, Isa Calsina, Ana Aupi, Casal Infantil Trinitat Nova.<\/p>\n<p>&nbsp;<\/p>\n","protected":false},"excerpt":{"rendered":"<p>Rap per commemorar el dia 8 de mar\u00e7 i reivindicar els valors feministes.&hellip;  <a href=\"https:\/\/agora.xtec.cat\/ietn\/portada\/la-trini-se-viene-arriba-rap-per-al-8-de-marc\/\" title=\"Read La Trini se viene arriba &#8211; Rap per al 8 de mar\u00e7\">Llegeix m\u00e9s\u00bb<\/a><\/p>\n","protected":false},"author":10,"featured_media":2672,"comment_status":"open","ping_status":"closed","sticky":false,"template":"","format":"standard","meta":{"_bbp_topic_count":0,"_bbp_reply_count":0,"_bbp_total_topic_count":0,"_bbp_total_reply_count":0,"_bbp_voice_count":0,"_bbp_anonymous_reply_count":0,"_bbp_topic_count_hidden":0,"_bbp_reply_count_hidden":0,"_bbp_forum_subforum_count":0,"footnotes":""},"categories":[29],"tags":[178,179,180,172,174,175,176,173,177],"class_list":["post-2671","post","type-post","status-publish","format-standard","has-post-thumbnail","hentry","category-portada","tag-8m","tag-dones","tag-feminisme","tag-institu-escola-trinitat-nova","tag-la-trini-se-viene-arriba","tag-rap-feminista","tag-rap-ietn","tag-trini","tag-women"],"post_mailing_queue_ids":[],"_links":{"self":[{"href":"https:\/\/agora.xtec.cat\/ietn\/wp-json\/wp\/v2\/posts\/2671","targetHints":{"allow":["GET"]}}],"collection":[{"href":"https:\/\/agora.xtec.cat\/ietn\/wp-json\/wp\/v2\/posts"}],"about":[{"href":"https:\/\/agora.xtec.cat\/ietn\/wp-json\/wp\/v2\/types\/post"}],"author":[{"embeddable":true,"href":"https:\/\/agora.xtec.cat\/ietn\/wp-json\/wp\/v2\/users\/10"}],"replies":[{"embeddable":true,"href":"https:\/\/agora.xtec.cat\/ietn\/wp-json\/wp\/v2\/comments?post=2671"}],"version-history":[{"count":1,"href":"https:\/\/agora.xtec.cat\/ietn\/wp-json\/wp\/v2\/posts\/2671\/revisions"}],"predecessor-version":[{"id":2673,"href":"https:\/\/agora.xtec.cat\/ietn\/wp-json\/wp\/v2\/posts\/2671\/revisions\/2673"}],"wp:featuredmedia":[{"embeddable":true,"href":"https:\/\/agora.xtec.cat\/ietn\/wp-json\/wp\/v2\/media\/2672"}],"wp:attachment":[{"href":"https:\/\/agora.xtec.cat\/ietn\/wp-json\/wp\/v2\/media?parent=2671"}],"wp:term":[{"taxonomy":"category","embeddable":true,"href":"https:\/\/agora.xtec.cat\/ietn\/wp-json\/wp\/v2\/categories?post=2671"},{"taxonomy":"post_tag","embeddable":true,"href":"https:\/\/agora.xtec.cat\/ietn\/wp-json\/wp\/v2\/tags?post=2671"}],"curies":[{"name":"wp","href":"https:\/\/api.w.org\/{rel}","templated":true}]}}