{"id":2641,"date":"2019-02-20T13:26:52","date_gmt":"2019-02-20T12:26:52","guid":{"rendered":"http:\/\/agora.xtec.cat\/ietn\/?p=2641"},"modified":"2019-02-20T13:28:24","modified_gmt":"2019-02-20T12:28:24","slug":"trinitrap-la-canco-sobre-el-respecte-feta-amb-xiula","status":"publish","type":"post","link":"https:\/\/agora.xtec.cat\/ietn\/escoleta-blava\/trinitrap-la-canco-sobre-el-respecte-feta-amb-xiula\/","title":{"rendered":"TriniTrap, la can\u00e7\u00f3 sobre el respecte feta amb \u201cXiula\u201d"},"content":{"rendered":"<p dir=\"ltr\"><iframe loading=\"lazy\" src=\"https:\/\/widget.spreaker.com\/player?show_id=3370563&amp;theme=light&amp;playlist=false&amp;playlist-continuous=false&amp;autoplay=false&amp;live-autoplay=false&amp;chapters-image=true&amp;episode_image_position=right&amp;hide-logo=false&amp;hide-likes=false&amp;hide-comments=false&amp;hide-sharing=false&amp;hide-download=true\" width=\"100%\" height=\"200px\" frameborder=\"0\"><\/iframe><\/p>\n<p dir=\"ltr\">El dimecres 16 de Gener va venir a l\u2019ieTN un grup de m\u00fasica anomenat Xiula, els quals, entre d\u2019altres temes, canten trap. Amb ells vam treballar el respecte a trav\u00e9s de la seva m\u00fasica.<\/p>\n<p dir=\"ltr\">Per comen\u00e7ar, \u00a0vam fer un joc de \u201cSi o No\u201d que tractava sobre que hi havien 2 parets: un era el s\u00ed i l\u2019altra era del no. Ells ens feien preguntes sobre conflictes del grup, i ens posicion\u00e0vem a la paret del s\u00ed o del no.<\/p>\n<p dir=\"ltr\">Despr\u00e9s vam fer la din\u00e0mica de \u201cles casetes\u201d. Amb ella vam poder explicar als nostres companys i companyes el que sentim d\u2019ells i dient aquelles coses et senties b\u00e9 perque aquella persona tamb\u00e9 es sentia b\u00e9.<\/p>\n<p dir=\"ltr\">Al final de la classe vam fer una can\u00e7\u00f3 sobre el bullying. Les classes de 1r i 2n d\u2019ESO vam participar pensant la lletra i cantant aquest trap que trobareu a continuaci\u00f3:<\/p>\n<div class=\"yj6qo\"><\/div>\n","protected":false},"excerpt":{"rendered":"<p>El dimecres 16 de Gener va venir a l\u2019ieTN un grup de m\u00fasica anomenat Xiula, els quals, entre d\u2019altres temes, canten trap. Amb ells vam treballar el respecte a trav\u00e9s de la seva m\u00fasica.<br \/>\nPer comen\u00e7ar, \u00a0vam fer un joc de \u201cSi o No\u201d que tractava&hellip;  <a href=\"https:\/\/agora.xtec.cat\/ietn\/escoleta-blava\/trinitrap-la-canco-sobre-el-respecte-feta-amb-xiula\/\" title=\"Read TriniTrap, la can\u00e7\u00f3 sobre el respecte feta amb \u201cXiula\u201d\">Llegeix m\u00e9s\u00bb<\/a><\/p>\n","protected":false},"author":10,"featured_media":0,"comment_status":"open","ping_status":"closed","sticky":false,"template":"","format":"standard","meta":{"_bbp_topic_count":0,"_bbp_reply_count":0,"_bbp_total_topic_count":0,"_bbp_total_reply_count":0,"_bbp_voice_count":0,"_bbp_anonymous_reply_count":0,"_bbp_topic_count_hidden":0,"_bbp_reply_count_hidden":0,"_bbp_forum_subforum_count":0,"footnotes":""},"categories":[3,109,29],"tags":[],"class_list":["post-2641","post","type-post","status-publish","format-standard","hentry","category-escoleta-blava","category-escoleta-verda","category-portada"],"post_mailing_queue_ids":[],"_links":{"self":[{"href":"https:\/\/agora.xtec.cat\/ietn\/wp-json\/wp\/v2\/posts\/2641","targetHints":{"allow":["GET"]}}],"collection":[{"href":"https:\/\/agora.xtec.cat\/ietn\/wp-json\/wp\/v2\/posts"}],"about":[{"href":"https:\/\/agora.xtec.cat\/ietn\/wp-json\/wp\/v2\/types\/post"}],"author":[{"embeddable":true,"href":"https:\/\/agora.xtec.cat\/ietn\/wp-json\/wp\/v2\/users\/10"}],"replies":[{"embeddable":true,"href":"https:\/\/agora.xtec.cat\/ietn\/wp-json\/wp\/v2\/comments?post=2641"}],"version-history":[{"count":3,"href":"https:\/\/agora.xtec.cat\/ietn\/wp-json\/wp\/v2\/posts\/2641\/revisions"}],"predecessor-version":[{"id":2644,"href":"https:\/\/agora.xtec.cat\/ietn\/wp-json\/wp\/v2\/posts\/2641\/revisions\/2644"}],"wp:attachment":[{"href":"https:\/\/agora.xtec.cat\/ietn\/wp-json\/wp\/v2\/media?parent=2641"}],"wp:term":[{"taxonomy":"category","embeddable":true,"href":"https:\/\/agora.xtec.cat\/ietn\/wp-json\/wp\/v2\/categories?post=2641"},{"taxonomy":"post_tag","embeddable":true,"href":"https:\/\/agora.xtec.cat\/ietn\/wp-json\/wp\/v2\/tags?post=2641"}],"curies":[{"name":"wp","href":"https:\/\/api.w.org\/{rel}","templated":true}]}}