{"id":1394,"date":"2018-02-15T16:29:19","date_gmt":"2018-02-15T15:29:19","guid":{"rendered":"http:\/\/agora.xtec.cat\/ietn\/?p=1394"},"modified":"2018-02-15T16:43:16","modified_gmt":"2018-02-15T15:43:16","slug":"el-judici-i-el-prego-del-ietn-6e","status":"publish","type":"post","link":"https:\/\/agora.xtec.cat\/ietn\/general\/el-judici-i-el-prego-del-ietn-6e\/","title":{"rendered":"El judici i el preg\u00f3 de Carnestoltes a l&#8217; ieTN"},"content":{"rendered":"<p>El passat dijous els alumnes de 6\u00e8 vam fer el preg\u00f3 de benvinguda a la reina carnestoltes. Aquest preg\u00f3 va ser observat primer per l&#8217;escoleta groga fins a la blava, i despr\u00e9s la van observar el alumnes de l&#8217;escoleta taronja per temporal de pluja.<\/p>\n<p>El divendres passat els alumnes de 6\u00e8 vam fer el judici al pati on van venir des dels m\u00e9s petits fins a els de 1r de l&#8217; Eso. En aquest judici el jutge va decidir que la reina carnestoltes seria indultada.<\/p>\n\n<p><strong>Reporters<\/strong>: Kevin Alexander i Umra Basharat<\/p>\n","protected":false},"excerpt":{"rendered":"<p>El passat dijous els alumnes de 6\u00e8 vam fer el preg\u00f3 de benvinguda a la reina carnestoltes. Aquest preg\u00f3 va ser observat primer per l&#8217;escoleta groga fins a la blava, i despr\u00e9s la van observar el alumnes de l&#8217;escoleta taronja per temporal de pluja.<br \/>\nEl divendres&hellip;  <a href=\"https:\/\/agora.xtec.cat\/ietn\/general\/el-judici-i-el-prego-del-ietn-6e\/\" title=\"Read El judici i el preg\u00f3 de Carnestoltes a l&#8217; ieTN\">Llegeix m\u00e9s\u00bb<\/a><\/p>\n","protected":false},"author":7,"featured_media":1439,"comment_status":"open","ping_status":"closed","sticky":false,"template":"","format":"standard","meta":{"_bbp_topic_count":0,"_bbp_reply_count":0,"_bbp_total_topic_count":0,"_bbp_total_reply_count":0,"_bbp_voice_count":0,"_bbp_anonymous_reply_count":0,"_bbp_topic_count_hidden":0,"_bbp_reply_count_hidden":0,"_bbp_forum_subforum_count":0,"footnotes":""},"categories":[120,109,1,29],"tags":[],"class_list":["post-1394","post","type-post","status-publish","format-standard","has-post-thumbnail","hentry","category-6e-primaria","category-escoleta-verda","category-general","category-portada"],"post_mailing_queue_ids":[],"_links":{"self":[{"href":"https:\/\/agora.xtec.cat\/ietn\/wp-json\/wp\/v2\/posts\/1394","targetHints":{"allow":["GET"]}}],"collection":[{"href":"https:\/\/agora.xtec.cat\/ietn\/wp-json\/wp\/v2\/posts"}],"about":[{"href":"https:\/\/agora.xtec.cat\/ietn\/wp-json\/wp\/v2\/types\/post"}],"author":[{"embeddable":true,"href":"https:\/\/agora.xtec.cat\/ietn\/wp-json\/wp\/v2\/users\/7"}],"replies":[{"embeddable":true,"href":"https:\/\/agora.xtec.cat\/ietn\/wp-json\/wp\/v2\/comments?post=1394"}],"version-history":[{"count":3,"href":"https:\/\/agora.xtec.cat\/ietn\/wp-json\/wp\/v2\/posts\/1394\/revisions"}],"predecessor-version":[{"id":1445,"href":"https:\/\/agora.xtec.cat\/ietn\/wp-json\/wp\/v2\/posts\/1394\/revisions\/1445"}],"wp:featuredmedia":[{"embeddable":true,"href":"https:\/\/agora.xtec.cat\/ietn\/wp-json\/wp\/v2\/media\/1439"}],"wp:attachment":[{"href":"https:\/\/agora.xtec.cat\/ietn\/wp-json\/wp\/v2\/media?parent=1394"}],"wp:term":[{"taxonomy":"category","embeddable":true,"href":"https:\/\/agora.xtec.cat\/ietn\/wp-json\/wp\/v2\/categories?post=1394"},{"taxonomy":"post_tag","embeddable":true,"href":"https:\/\/agora.xtec.cat\/ietn\/wp-json\/wp\/v2\/tags?post=1394"}],"curies":[{"name":"wp","href":"https:\/\/api.w.org\/{rel}","templated":true}]}}