{"id":3522,"date":"2026-02-06T11:50:13","date_gmt":"2026-02-06T10:50:13","guid":{"rendered":"https:\/\/agora.xtec.cat\/ieteresaaltet-rubi\/?p=3522"},"modified":"2026-02-06T11:50:14","modified_gmt":"2026-02-06T10:50:14","slug":"radio-altet","status":"publish","type":"post","link":"https:\/\/agora.xtec.cat\/ieteresaaltet-rubi\/general\/radio-altet\/","title":{"rendered":"R\u00e0dio Altet"},"content":{"rendered":"\n<p>A l\u2019Altet volem donar corda a la llengua! Des de fa uns anys volem donar import\u00e0ncia a l\u2019expressi\u00f3 enfocant-nos en dues vies: la comunicaci\u00f3 oral i l\u2019aprofitament dels recursos que ens han oferit des de la Generalitat de Catalunya.<\/p>\n\n\n\n<p>Com que som una escola 3-16 volem donar continu\u00eftat al projecte d\u2019expressi\u00f3 oral des de ben petits, fent diferents propostes que donen import\u00e0ncia a la comunicaci\u00f3. Treballem diferents tipologies: debat, opini\u00f3\u2026 Tamb\u00e9, creiem en la import\u00e0ncia de l\u2019\u00fas d\u2019eines digitals per motivar i enriquir encara m\u00e9s les propostes, com ara fer gravacions de veu, doblatge\u2026<\/p>\n\n\n\n<p>Com a novetat, estem preparant una r\u00e0dio, on els alumnes podran parlar en p\u00fablic, fer entrevistes i crear programes diversos. Aquest espai fomentar\u00e0 l\u2019expressi\u00f3 oral, la creativitat i el treball en equip, convertint-se en un canal din\u00e0mic i participatiu que enriqueixi l\u2019aprenentatge i l\u2019experi\u00e8ncia escolar.<\/p>\n\n\n\n<p>A m\u00e9s, la r\u00e0dio oferir\u00e0 l\u2019oportunitat de col\u00b7laborar amb altres mat\u00e8ries, presentar esdeveniments escolars i donar veu a iniciatives i projectes de la comunitat educativa. Amb aquest projecte, volem crear un canal din\u00e0mic i participatiu que enriqueixi l\u2019aprenentatge, connecti l\u2019alumnat i faci visible la seva creativitat tant dins com fora de l\u2019aula.<\/p>\n\n\n\n<p>Estigueu atents que venen not\u00edcies fresques!<\/p>\n\n\n\n<figure class=\"wp-block-image size-full\"><a href=\"https:\/\/agora.xtec.cat\/ieteresaaltet-rubi\/wp-content\/uploads\/usu1398\/2026\/02\/radio.jpg\"><img loading=\"lazy\" decoding=\"async\" width=\"225\" height=\"225\" src=\"https:\/\/agora.xtec.cat\/ieteresaaltet-rubi\/wp-content\/uploads\/usu1398\/2026\/02\/radio.jpg\" alt=\"\" class=\"wp-image-3523\" srcset=\"https:\/\/agora.xtec.cat\/ieteresaaltet-rubi\/wp-content\/uploads\/usu1398\/2026\/02\/radio.jpg 225w, https:\/\/agora.xtec.cat\/ieteresaaltet-rubi\/wp-content\/uploads\/usu1398\/2026\/02\/radio-150x150.jpg 150w\" sizes=\"auto, (max-width: 225px) 100vw, 225px\" \/><\/a><\/figure>\n\n\n\n<p><a href=\"https:\/\/drive.google.com\/file\/d\/113EKKS7qwk8y7NGR647XsN2bwPb4XXW6\/view\">video del doblatge activitat sis\u00e8<\/a><\/p>\n","protected":false},"excerpt":{"rendered":"<p>A l\u2019Altet volem donar corda a la llengua! Des de fa uns anys volem donar import\u00e0ncia a l\u2019expressi\u00f3 enfocant-nos en dues vies: la comunicaci\u00f3 oral i l\u2019aprofitament dels recursos que ens han oferit des de la Generalitat de Catalunya. Com que som una escola 3-16 volem donar continu\u00eftat al projecte d\u2019expressi\u00f3 oral des de ben [&hellip;]<\/p>\n","protected":false},"author":1,"featured_media":0,"comment_status":"open","ping_status":"open","sticky":false,"template":"","format":"standard","meta":{"_bbp_topic_count":0,"_bbp_reply_count":0,"_bbp_total_topic_count":0,"_bbp_total_reply_count":0,"_bbp_voice_count":0,"_bbp_anonymous_reply_count":0,"_bbp_topic_count_hidden":0,"_bbp_reply_count_hidden":0,"_bbp_forum_subforum_count":0,"site-sidebar-layout":"default","site-content-layout":"","ast-site-content-layout":"default","site-content-style":"default","site-sidebar-style":"default","ast-global-header-display":"","ast-banner-title-visibility":"","ast-main-header-display":"","ast-hfb-above-header-display":"","ast-hfb-below-header-display":"","ast-hfb-mobile-header-display":"","site-post-title":"","ast-breadcrumbs-content":"","ast-featured-img":"","footer-sml-layout":"","theme-transparent-header-meta":"","adv-header-id-meta":"","stick-header-meta":"","header-above-stick-meta":"","header-main-stick-meta":"","header-below-stick-meta":"","astra-migrate-meta-layouts":"set","ast-page-background-enabled":"default","ast-page-background-meta":{"desktop":{"background-color":"var(--ast-global-color-4)","background-image":"","background-repeat":"repeat","background-position":"center center","background-size":"auto","background-attachment":"scroll","background-type":"","background-media":"","overlay-type":"","overlay-color":"","overlay-opacity":"","overlay-gradient":""},"tablet":{"background-color":"","background-image":"","background-repeat":"repeat","background-position":"center center","background-size":"auto","background-attachment":"scroll","background-type":"","background-media":"","overlay-type":"","overlay-color":"","overlay-opacity":"","overlay-gradient":""},"mobile":{"background-color":"","background-image":"","background-repeat":"repeat","background-position":"center center","background-size":"auto","background-attachment":"scroll","background-type":"","background-media":"","overlay-type":"","overlay-color":"","overlay-opacity":"","overlay-gradient":""}},"ast-content-background-meta":{"desktop":{"background-color":"var(--ast-global-color-5)","background-image":"","background-repeat":"repeat","background-position":"center center","background-size":"auto","background-attachment":"scroll","background-type":"","background-media":"","overlay-type":"","overlay-color":"","overlay-opacity":"","overlay-gradient":""},"tablet":{"background-color":"var(--ast-global-color-5)","background-image":"","background-repeat":"repeat","background-position":"center center","background-size":"auto","background-attachment":"scroll","background-type":"","background-media":"","overlay-type":"","overlay-color":"","overlay-opacity":"","overlay-gradient":""},"mobile":{"background-color":"var(--ast-global-color-5)","background-image":"","background-repeat":"repeat","background-position":"center center","background-size":"auto","background-attachment":"scroll","background-type":"","background-media":"","overlay-type":"","overlay-color":"","overlay-opacity":"","overlay-gradient":""}},"footnotes":""},"categories":[1],"tags":[],"class_list":["post-3522","post","type-post","status-publish","format-standard","hentry","category-general"],"post_mailing_queue_ids":[],"_links":{"self":[{"href":"https:\/\/agora.xtec.cat\/ieteresaaltet-rubi\/wp-json\/wp\/v2\/posts\/3522","targetHints":{"allow":["GET"]}}],"collection":[{"href":"https:\/\/agora.xtec.cat\/ieteresaaltet-rubi\/wp-json\/wp\/v2\/posts"}],"about":[{"href":"https:\/\/agora.xtec.cat\/ieteresaaltet-rubi\/wp-json\/wp\/v2\/types\/post"}],"author":[{"embeddable":true,"href":"https:\/\/agora.xtec.cat\/ieteresaaltet-rubi\/wp-json\/wp\/v2\/users\/1"}],"replies":[{"embeddable":true,"href":"https:\/\/agora.xtec.cat\/ieteresaaltet-rubi\/wp-json\/wp\/v2\/comments?post=3522"}],"version-history":[{"count":1,"href":"https:\/\/agora.xtec.cat\/ieteresaaltet-rubi\/wp-json\/wp\/v2\/posts\/3522\/revisions"}],"predecessor-version":[{"id":3524,"href":"https:\/\/agora.xtec.cat\/ieteresaaltet-rubi\/wp-json\/wp\/v2\/posts\/3522\/revisions\/3524"}],"wp:attachment":[{"href":"https:\/\/agora.xtec.cat\/ieteresaaltet-rubi\/wp-json\/wp\/v2\/media?parent=3522"}],"wp:term":[{"taxonomy":"category","embeddable":true,"href":"https:\/\/agora.xtec.cat\/ieteresaaltet-rubi\/wp-json\/wp\/v2\/categories?post=3522"},{"taxonomy":"post_tag","embeddable":true,"href":"https:\/\/agora.xtec.cat\/ieteresaaltet-rubi\/wp-json\/wp\/v2\/tags?post=3522"}],"curies":[{"name":"wp","href":"https:\/\/api.w.org\/{rel}","templated":true}]}}