{"id":3353,"date":"2025-04-29T10:21:27","date_gmt":"2025-04-29T08:21:27","guid":{"rendered":"https:\/\/agora.xtec.cat\/ieteresaaltet-rubi\/?p=3353"},"modified":"2026-02-06T13:41:45","modified_gmt":"2026-02-06T12:41:45","slug":"inscripions-i-matriculacio","status":"publish","type":"post","link":"https:\/\/agora.xtec.cat\/ieteresaaltet-rubi\/general\/inscripions-i-matriculacio\/","title":{"rendered":"Inscripions i matriculaci\u00f3"},"content":{"rendered":"<header class=\"entry-header\">\n<h1 class=\"entry-title\">PREINSCRIPCI\u00d3 CURS 2025-26<\/h1>\n<\/header>\n<div class=\"entry-content\">\n<p>Aqu\u00ed trobareu tot el que cal saber per la preinscripci\u00f3 del <strong>curs 2025-26.<\/strong><\/p>\n<p>En aquest enlla\u00e7 trobareu tota la informaci\u00f3 actualitzada:<\/p>\n<p><a href=\"https:\/\/preinscripcio.gencat.cat\/ca\/inici\/\">https:\/\/preinscripcio.gencat.cat<\/a><\/p>\n<table width=\"523\">\n<tbody>\n<tr>\n<td width=\"338\">Publicaci\u00f3 de l\u2019oferta inicial<\/td>\n<td width=\"177\">11 de mar\u00e7<\/td>\n<\/tr>\n<tr>\n<td width=\"338\">Presentaci\u00f3 de\u00a0<strong>sol\u00b7licituds<\/strong><\/td>\n<td width=\"177\">Del 12 al 26 de mar\u00e7 de 2025<\/td>\n<\/tr>\n<tr>\n<td width=\"338\"><a href=\"https:\/\/drive.google.com\/file\/d\/1HEQX_wkZ4BjWH_4rmutvI673PltU7Q4V\/view?usp=sharing\">Llista amb barem provisional<\/a><\/td>\n<td width=\"177\">24 d\u2019abril de 2025<\/td>\n<\/tr>\n<tr>\n<td width=\"338\"><a href=\"https:\/\/preinscripcio.gencat.cat\/ca\/estudis\/primaria\/ajuda\/pindoles-multimedia\/\">Reclamacions a la puntuaci\u00f3 provisional<\/a><\/td>\n<td width=\"177\">Del 24 al 29 d\u2019abril de 2025<\/td>\n<\/tr>\n<tr>\n<td width=\"338\">Resoluci\u00f3 reclamacions <a href=\"https:\/\/drive.google.com\/file\/d\/1emolU91C09NTfbaPXJdKgxCJSjIPf6Vi\/view?usp=sharing\">Llista amb barem definitiu<\/a>.<\/td>\n<td width=\"177\">5 de maig<\/td>\n<\/tr>\n<tr>\n<td width=\"338\"><strong>Sorteig del n\u00famero<\/strong>\u00a0de desempat<\/td>\n<td width=\"177\">08 de maig de 2025<\/td>\n<\/tr>\n<tr>\n<td width=\"338\"><a href=\"https:\/\/drive.google.com\/file\/d\/19vw96Wx0bNux95xPWfz0xLOCMan1ZUvj\/view?usp=sharing\">Publicaci\u00f3 de la primera petici\u00f3 ordenada<\/a><\/td>\n<td width=\"177\">09 de maig de 2025<\/td>\n<\/tr>\n<tr>\n<td width=\"338\">Publicaci\u00f3 de l\u2019oferta definitiva<\/td>\n<td width=\"177\">16 de juny<\/td>\n<\/tr>\n<\/tbody>\n<\/table>\n<table width=\"63%\">\n<tbody>\n<tr>\n<td width=\"64%\">Publicaci\u00f3 de les\u00a0<strong>llistes d\u2019 admesos<\/strong><strong>i\u00a0<\/strong><strong>llista d\u2019espera<\/strong><\/td>\n<td width=\"33%\">16 de juny de 2025<\/td>\n<\/tr>\n<\/tbody>\n<\/table>\n<p>Per\u00edode de\u00a0<strong>matriculaci\u00f3<\/strong>\u00a0(infantil i prim\u00e0ria i 1r d\u2019ESO)\u00a0<strong>Del 25 de juny al 3 de juliol.<\/strong><\/p>\n<\/div>\n","protected":false},"excerpt":{"rendered":"<p>PREINSCRIPCI\u00d3 CURS 2025-26 Aqu\u00ed trobareu tot el que cal saber per la preinscripci\u00f3 del curs 2025-26. En aquest enlla\u00e7 trobareu tota la informaci\u00f3 actualitzada: https:\/\/preinscripcio.gencat.cat Publicaci\u00f3 de l\u2019oferta inicial 11 de mar\u00e7 Presentaci\u00f3 de\u00a0sol\u00b7licituds Del 12 al 26 de mar\u00e7 de 2025 Llista amb barem provisional 24 d\u2019abril de 2025 Reclamacions a la puntuaci\u00f3 provisional [&hellip;]<\/p>\n","protected":false},"author":1,"featured_media":0,"comment_status":"open","ping_status":"closed","sticky":false,"template":"","format":"standard","meta":{"_bbp_topic_count":0,"_bbp_reply_count":0,"_bbp_total_topic_count":0,"_bbp_total_reply_count":0,"_bbp_voice_count":0,"_bbp_anonymous_reply_count":0,"_bbp_topic_count_hidden":0,"_bbp_reply_count_hidden":0,"_bbp_forum_subforum_count":0,"site-sidebar-layout":"default","site-content-layout":"","ast-site-content-layout":"default","site-content-style":"default","site-sidebar-style":"default","ast-global-header-display":"","ast-banner-title-visibility":"","ast-main-header-display":"","ast-hfb-above-header-display":"","ast-hfb-below-header-display":"","ast-hfb-mobile-header-display":"","site-post-title":"","ast-breadcrumbs-content":"","ast-featured-img":"","footer-sml-layout":"","theme-transparent-header-meta":"default","adv-header-id-meta":"","stick-header-meta":"","header-above-stick-meta":"","header-main-stick-meta":"","header-below-stick-meta":"","astra-migrate-meta-layouts":"set","ast-page-background-enabled":"default","ast-page-background-meta":{"desktop":{"background-color":"var(--ast-global-color-4)","background-image":"","background-repeat":"repeat","background-position":"center center","background-size":"auto","background-attachment":"scroll","background-type":"","background-media":"","overlay-type":"","overlay-color":"","overlay-opacity":"","overlay-gradient":""},"tablet":{"background-color":"","background-image":"","background-repeat":"repeat","background-position":"center center","background-size":"auto","background-attachment":"scroll","background-type":"","background-media":"","overlay-type":"","overlay-color":"","overlay-opacity":"","overlay-gradient":""},"mobile":{"background-color":"","background-image":"","background-repeat":"repeat","background-position":"center center","background-size":"auto","background-attachment":"scroll","background-type":"","background-media":"","overlay-type":"","overlay-color":"","overlay-opacity":"","overlay-gradient":""}},"ast-content-background-meta":{"desktop":{"background-color":"var(--ast-global-color-5)","background-image":"","background-repeat":"repeat","background-position":"center center","background-size":"auto","background-attachment":"scroll","background-type":"","background-media":"","overlay-type":"","overlay-color":"","overlay-opacity":"","overlay-gradient":""},"tablet":{"background-color":"var(--ast-global-color-5)","background-image":"","background-repeat":"repeat","background-position":"center center","background-size":"auto","background-attachment":"scroll","background-type":"","background-media":"","overlay-type":"","overlay-color":"","overlay-opacity":"","overlay-gradient":""},"mobile":{"background-color":"var(--ast-global-color-5)","background-image":"","background-repeat":"repeat","background-position":"center center","background-size":"auto","background-attachment":"scroll","background-type":"","background-media":"","overlay-type":"","overlay-color":"","overlay-opacity":"","overlay-gradient":""}},"footnotes":""},"categories":[1],"tags":[],"class_list":["post-3353","post","type-post","status-publish","format-standard","hentry","category-general"],"post_mailing_queue_ids":[],"_links":{"self":[{"href":"https:\/\/agora.xtec.cat\/ieteresaaltet-rubi\/wp-json\/wp\/v2\/posts\/3353","targetHints":{"allow":["GET"]}}],"collection":[{"href":"https:\/\/agora.xtec.cat\/ieteresaaltet-rubi\/wp-json\/wp\/v2\/posts"}],"about":[{"href":"https:\/\/agora.xtec.cat\/ieteresaaltet-rubi\/wp-json\/wp\/v2\/types\/post"}],"author":[{"embeddable":true,"href":"https:\/\/agora.xtec.cat\/ieteresaaltet-rubi\/wp-json\/wp\/v2\/users\/1"}],"replies":[{"embeddable":true,"href":"https:\/\/agora.xtec.cat\/ieteresaaltet-rubi\/wp-json\/wp\/v2\/comments?post=3353"}],"version-history":[{"count":5,"href":"https:\/\/agora.xtec.cat\/ieteresaaltet-rubi\/wp-json\/wp\/v2\/posts\/3353\/revisions"}],"predecessor-version":[{"id":3364,"href":"https:\/\/agora.xtec.cat\/ieteresaaltet-rubi\/wp-json\/wp\/v2\/posts\/3353\/revisions\/3364"}],"wp:attachment":[{"href":"https:\/\/agora.xtec.cat\/ieteresaaltet-rubi\/wp-json\/wp\/v2\/media?parent=3353"}],"wp:term":[{"taxonomy":"category","embeddable":true,"href":"https:\/\/agora.xtec.cat\/ieteresaaltet-rubi\/wp-json\/wp\/v2\/categories?post=3353"},{"taxonomy":"post_tag","embeddable":true,"href":"https:\/\/agora.xtec.cat\/ieteresaaltet-rubi\/wp-json\/wp\/v2\/tags?post=3353"}],"curies":[{"name":"wp","href":"https:\/\/api.w.org\/{rel}","templated":true}]}}