{"id":2704,"date":"2024-03-20T13:52:52","date_gmt":"2024-03-20T12:52:52","guid":{"rendered":"https:\/\/agora.xtec.cat\/ieteresaaltet-rubi\/?p=2704"},"modified":"2024-03-20T13:54:00","modified_gmt":"2024-03-20T12:54:00","slug":"rubi-format","status":"publish","type":"post","link":"https:\/\/agora.xtec.cat\/ieteresaaltet-rubi\/general\/rubi-format\/","title":{"rendered":"Rub\u00ed Forma&#8217;t"},"content":{"rendered":"<p>Aquesta setmana, tot l&#8217;alumnat de 4t d&#8217;ESO visitar\u00e0 la Fira d&#8217;orientaci\u00f3 i formaci\u00f3 <a href=\"https:\/\/www.rubijove.cat\/agenda\/rubi-format-2024\">RUB\u00cd FORMA&#8217;T 2024<\/a>.<\/p>\n<p>L\u2019objectiu de la Fira \u00e9s\u00a0<strong>ajudar a descobrir la vocaci\u00f3 professional<\/strong>, mitjan\u00e7ant l\u2019experimentaci\u00f3 de diferents oficis i professions,\u00a0<strong>a qui desitgi orientar o reorientar el seu futur professional.<\/strong><\/p>\n<p>Mostrar\u00e0 l\u2019oferta formativa d&#8217;estudis postobligatoris: cicles formatius, certificats professionals, programes de formaci\u00f3 i inserci\u00f3 (PFI), formaci\u00f3 cont\u00ednua, batxillerats i universitats. Aix\u00ed com d&#8217;idiomes, emprenedoria&#8230; Posant l\u2019accent en els itineraris formatius. \u00c9s una fira din\u00e0mica, vivencial i innovadora, amb una perspectiva inclusiva, que ofereix un espai obert on interactuar, crear xarxes i establir contactes.<\/p>\n<p>La Fira de l&#8217;orientaci\u00f3 i la formaci\u00f3 RUB\u00cd FORMA&#8217;T 2024 \u00e9s una iniciativa de l\u2019Ajuntament de Rub\u00ed, organitzada des del Consell de l&#8217;FP, amb la participaci\u00f3 de diferents \u00e0rees de l\u2019Ajuntament. Compta amb el suport de la Generalitat de Catalunya i amb la col\u00b7laboraci\u00f3\u00a0 d\u2019empreses i entitats p\u00fabliques i privades del territori.<\/p>\n<p><a href=\"https:\/\/agora.xtec.cat\/ieteresaaltet-rubi\/wp-content\/uploads\/usu1398\/2024\/03\/Rubi-Format.jpg\"><img loading=\"lazy\" decoding=\"async\" class=\"aligncenter wp-image-2705\" src=\"https:\/\/agora.xtec.cat\/ieteresaaltet-rubi\/wp-content\/uploads\/usu1398\/2024\/03\/Rubi-Format-576x1024.jpg\" alt=\"\" width=\"440\" height=\"783\" srcset=\"https:\/\/agora.xtec.cat\/ieteresaaltet-rubi\/wp-content\/uploads\/usu1398\/2024\/03\/Rubi-Format-576x1024.jpg 576w, https:\/\/agora.xtec.cat\/ieteresaaltet-rubi\/wp-content\/uploads\/usu1398\/2024\/03\/Rubi-Format-169x300.jpg 169w, https:\/\/agora.xtec.cat\/ieteresaaltet-rubi\/wp-content\/uploads\/usu1398\/2024\/03\/Rubi-Format-768x1365.jpg 768w, https:\/\/agora.xtec.cat\/ieteresaaltet-rubi\/wp-content\/uploads\/usu1398\/2024\/03\/Rubi-Format-864x1536.jpg 864w, https:\/\/agora.xtec.cat\/ieteresaaltet-rubi\/wp-content\/uploads\/usu1398\/2024\/03\/Rubi-Format.jpg 1080w\" sizes=\"auto, (max-width: 440px) 100vw, 440px\" \/><\/a><\/p>\n","protected":false},"excerpt":{"rendered":"<p>Aquesta setmana, tot l&#8217;alumnat de 4t d&#8217;ESO visitar\u00e0 la Fira d&#8217;orientaci\u00f3 i formaci\u00f3 RUB\u00cd FORMA&#8217;T 2024. L\u2019objectiu de la Fira \u00e9s\u00a0ajudar a descobrir la vocaci\u00f3 professional, mitjan\u00e7ant l\u2019experimentaci\u00f3 de diferents oficis i professions,\u00a0a qui desitgi orientar o reorientar el seu futur professional. Mostrar\u00e0 l\u2019oferta formativa d&#8217;estudis postobligatoris: cicles formatius, certificats professionals, programes de formaci\u00f3 i [&hellip;]<\/p>\n","protected":false},"author":1,"featured_media":2705,"comment_status":"open","ping_status":"closed","sticky":false,"template":"","format":"standard","meta":{"_bbp_topic_count":0,"_bbp_reply_count":0,"_bbp_total_topic_count":0,"_bbp_total_reply_count":0,"_bbp_voice_count":0,"_bbp_anonymous_reply_count":0,"_bbp_topic_count_hidden":0,"_bbp_reply_count_hidden":0,"_bbp_forum_subforum_count":0,"site-sidebar-layout":"default","site-content-layout":"","ast-site-content-layout":"","site-content-style":"default","site-sidebar-style":"default","ast-global-header-display":"","ast-banner-title-visibility":"","ast-main-header-display":"","ast-hfb-above-header-display":"","ast-hfb-below-header-display":"","ast-hfb-mobile-header-display":"","site-post-title":"","ast-breadcrumbs-content":"","ast-featured-img":"","footer-sml-layout":"","theme-transparent-header-meta":"","adv-header-id-meta":"","stick-header-meta":"","header-above-stick-meta":"","header-main-stick-meta":"","header-below-stick-meta":"","astra-migrate-meta-layouts":"default","ast-page-background-enabled":"default","ast-page-background-meta":{"desktop":{"background-color":"var(--ast-global-color-4)","background-image":"","background-repeat":"repeat","background-position":"center center","background-size":"auto","background-attachment":"scroll","background-type":"","background-media":"","overlay-type":"","overlay-color":"","overlay-opacity":"","overlay-gradient":""},"tablet":{"background-color":"","background-image":"","background-repeat":"repeat","background-position":"center center","background-size":"auto","background-attachment":"scroll","background-type":"","background-media":"","overlay-type":"","overlay-color":"","overlay-opacity":"","overlay-gradient":""},"mobile":{"background-color":"","background-image":"","background-repeat":"repeat","background-position":"center center","background-size":"auto","background-attachment":"scroll","background-type":"","background-media":"","overlay-type":"","overlay-color":"","overlay-opacity":"","overlay-gradient":""}},"ast-content-background-meta":{"desktop":{"background-color":"var(--ast-global-color-5)","background-image":"","background-repeat":"repeat","background-position":"center center","background-size":"auto","background-attachment":"scroll","background-type":"","background-media":"","overlay-type":"","overlay-color":"","overlay-opacity":"","overlay-gradient":""},"tablet":{"background-color":"var(--ast-global-color-5)","background-image":"","background-repeat":"repeat","background-position":"center center","background-size":"auto","background-attachment":"scroll","background-type":"","background-media":"","overlay-type":"","overlay-color":"","overlay-opacity":"","overlay-gradient":""},"mobile":{"background-color":"var(--ast-global-color-5)","background-image":"","background-repeat":"repeat","background-position":"center center","background-size":"auto","background-attachment":"scroll","background-type":"","background-media":"","overlay-type":"","overlay-color":"","overlay-opacity":"","overlay-gradient":""}},"footnotes":""},"categories":[1,104,4],"tags":[190],"class_list":["post-2704","post","type-post","status-publish","format-standard","has-post-thumbnail","hentry","category-general","category-joves-eso","category-portada","tag-secundaria"],"post_mailing_queue_ids":[],"_links":{"self":[{"href":"https:\/\/agora.xtec.cat\/ieteresaaltet-rubi\/wp-json\/wp\/v2\/posts\/2704","targetHints":{"allow":["GET"]}}],"collection":[{"href":"https:\/\/agora.xtec.cat\/ieteresaaltet-rubi\/wp-json\/wp\/v2\/posts"}],"about":[{"href":"https:\/\/agora.xtec.cat\/ieteresaaltet-rubi\/wp-json\/wp\/v2\/types\/post"}],"author":[{"embeddable":true,"href":"https:\/\/agora.xtec.cat\/ieteresaaltet-rubi\/wp-json\/wp\/v2\/users\/1"}],"replies":[{"embeddable":true,"href":"https:\/\/agora.xtec.cat\/ieteresaaltet-rubi\/wp-json\/wp\/v2\/comments?post=2704"}],"version-history":[{"count":2,"href":"https:\/\/agora.xtec.cat\/ieteresaaltet-rubi\/wp-json\/wp\/v2\/posts\/2704\/revisions"}],"predecessor-version":[{"id":2707,"href":"https:\/\/agora.xtec.cat\/ieteresaaltet-rubi\/wp-json\/wp\/v2\/posts\/2704\/revisions\/2707"}],"wp:featuredmedia":[{"embeddable":true,"href":"https:\/\/agora.xtec.cat\/ieteresaaltet-rubi\/wp-json\/wp\/v2\/media\/2705"}],"wp:attachment":[{"href":"https:\/\/agora.xtec.cat\/ieteresaaltet-rubi\/wp-json\/wp\/v2\/media?parent=2704"}],"wp:term":[{"taxonomy":"category","embeddable":true,"href":"https:\/\/agora.xtec.cat\/ieteresaaltet-rubi\/wp-json\/wp\/v2\/categories?post=2704"},{"taxonomy":"post_tag","embeddable":true,"href":"https:\/\/agora.xtec.cat\/ieteresaaltet-rubi\/wp-json\/wp\/v2\/tags?post=2704"}],"curies":[{"name":"wp","href":"https:\/\/api.w.org\/{rel}","templated":true}]}}