{"id":9836,"date":"2026-04-29T16:28:09","date_gmt":"2026-04-29T14:28:09","guid":{"rendered":"https:\/\/agora.xtec.cat\/ietemple\/?p=9836"},"modified":"2026-04-29T16:53:10","modified_gmt":"2026-04-29T14:53:10","slug":"setmana-de-les-lletres-i-les-arts-la-paraula-que-ens-fa-comunitat","status":"publish","type":"post","link":"https:\/\/agora.xtec.cat\/ietemple\/general\/setmana-de-les-lletres-i-les-arts-la-paraula-que-ens-fa-comunitat\/","title":{"rendered":"Setmana de les Lletres i les Arts: la paraula que ens fa comunitat"},"content":{"rendered":"<p style=\"text-align: justify;\" data-start=\"157\" data-end=\"511\">Hi ha iniciatives que nom\u00e9s s\u00f3n possibles quan existeix una comunitat implicada i compromesa. La <em><strong>Setmana de les Lletres i les Arts<\/strong><\/em> n\u2019ha estat un exemple clar: una suma de gestos, de mirades, de veus i de mans que, al llarg d\u2019uns dies, han posat al centre una llengua que ens defineix, ens uneix i forma part de la nostra identitat col\u00b7lectiva: el catal\u00e0.<\/p>\n<p data-start=\"157\" data-end=\"511\"><img loading=\"lazy\" decoding=\"async\" class=\"wp-image-9837 aligncenter\" src=\"https:\/\/agora.xtec.cat\/ietemple\/wp-content\/uploads\/usu352\/2026\/04\/1-5.jpg\" alt=\"\" width=\"373\" height=\"373\" srcset=\"https:\/\/agora.xtec.cat\/ietemple\/wp-content\/uploads\/usu352\/2026\/04\/1-5.jpg 1108w, https:\/\/agora.xtec.cat\/ietemple\/wp-content\/uploads\/usu352\/2026\/04\/1-5-300x300.jpg 300w, https:\/\/agora.xtec.cat\/ietemple\/wp-content\/uploads\/usu352\/2026\/04\/1-5-1024x1024.jpg 1024w, https:\/\/agora.xtec.cat\/ietemple\/wp-content\/uploads\/usu352\/2026\/04\/1-5-150x150.jpg 150w, https:\/\/agora.xtec.cat\/ietemple\/wp-content\/uploads\/usu352\/2026\/04\/1-5-768x768.jpg 768w\" sizes=\"auto, (max-width: 373px) 100vw, 373px\" \/><\/p>\n<p style=\"text-align: justify;\" data-start=\"527\" data-end=\"916\">En un moment en qu\u00e8 el catal\u00e0 viu tensions evidents \u2014amb una pres\u00e8ncia desigual en els espais socials, medi\u00e0tics i quotidians\u2014, cuidar-lo esdev\u00e9 una responsabilitat col\u00b7lectiva. Les lleng\u00fces no es mantenen vives nom\u00e9s des de la teoria ni des de la norma: es mantenen vives quan es parlen, quan s\u2019estimen, quan s\u2019habiten. Quan es converteixen en vehicle de pensament, d\u2019emoci\u00f3 i de creaci\u00f3. Amb aquest convenciment, del 20 al 24 d\u2019abril vam desplegar una setmana plena de propostes que han fet dialogar la literatura amb la m\u00fasica, la dansa i les arts visuals.<\/p>\n<p data-start=\"918\" data-end=\"1255\"><img loading=\"lazy\" decoding=\"async\" class=\"wp-image-9838 aligncenter\" src=\"https:\/\/agora.xtec.cat\/ietemple\/wp-content\/uploads\/usu352\/2026\/04\/2-5.jpg\" alt=\"\" width=\"137\" height=\"137\" srcset=\"https:\/\/agora.xtec.cat\/ietemple\/wp-content\/uploads\/usu352\/2026\/04\/2-5.jpg 1108w, https:\/\/agora.xtec.cat\/ietemple\/wp-content\/uploads\/usu352\/2026\/04\/2-5-300x300.jpg 300w, https:\/\/agora.xtec.cat\/ietemple\/wp-content\/uploads\/usu352\/2026\/04\/2-5-1024x1024.jpg 1024w, https:\/\/agora.xtec.cat\/ietemple\/wp-content\/uploads\/usu352\/2026\/04\/2-5-150x150.jpg 150w, https:\/\/agora.xtec.cat\/ietemple\/wp-content\/uploads\/usu352\/2026\/04\/2-5-768x768.jpg 768w\" sizes=\"auto, (max-width: 137px) 100vw, 137px\" \/><\/p>\n<p>&nbsp;<\/p>\n<hr data-start=\"1466\" data-end=\"1469\" \/>\n<h3 data-section-id=\"13eg3v6\" data-start=\"1471\" data-end=\"1503\">Experi\u00e8ncies de narraci\u00f3 i expressi\u00f3 liter\u00e0ria<\/h3>\n<p style=\"text-align: justify;\" data-start=\"1505\" data-end=\"1649\">La setmana va comen\u00e7ar amb sessions de contacontes que van omplir el centre d\u2019imaginaci\u00f3 i d\u2019hist\u00f2ries. Vam comptar amb <em><strong data-start=\"1667\" data-end=\"1691\">Un Farcell de Contes<\/strong><\/em>, que va acostar els infants al plaer d\u2019escoltar i imaginar, i amb <em><strong data-start=\"1758\" data-end=\"1772\">Keke Shuga<\/strong><\/em>, narrador que ja ens havia visitat a principi de curs i que, una vegada m\u00e9s, va connectar amb l\u2019alumnat a trav\u00e9s d\u2019una narraci\u00f3 viva, propera i carregada d\u2019energia.<\/p>\n<p data-start=\"1651\" data-end=\"1937\"><img loading=\"lazy\" decoding=\"async\" class=\"alignnone size-full wp-image-9851\" src=\"https:\/\/agora.xtec.cat\/ietemple\/wp-content\/uploads\/usu352\/2026\/04\/murals.jpg\" alt=\"\" width=\"1250\" height=\"941\" srcset=\"https:\/\/agora.xtec.cat\/ietemple\/wp-content\/uploads\/usu352\/2026\/04\/murals.jpg 1250w, https:\/\/agora.xtec.cat\/ietemple\/wp-content\/uploads\/usu352\/2026\/04\/murals-300x226.jpg 300w, https:\/\/agora.xtec.cat\/ietemple\/wp-content\/uploads\/usu352\/2026\/04\/murals-1024x771.jpg 1024w, https:\/\/agora.xtec.cat\/ietemple\/wp-content\/uploads\/usu352\/2026\/04\/murals-768x578.jpg 768w, https:\/\/agora.xtec.cat\/ietemple\/wp-content\/uploads\/usu352\/2026\/04\/murals-200x150.jpg 200w\" sizes=\"auto, (max-width: 1250px) 100vw, 1250px\" \/><\/p>\n<p style=\"text-align: justify;\" data-start=\"1939\" data-end=\"2313\">La comunitat de petits va viure, a m\u00e9s, una experi\u00e8ncia singular amb <strong data-start=\"2008\" data-end=\"2037\">Alice Sorin <em>(Cia. Ulalma)<\/em><\/strong>, ballarina i creadora del conte <em data-start=\"2070\" data-end=\"2094\">Les ll\u00e0grimes amagades<\/em>. A trav\u00e9s del teatre-dansa, la paraula es va transformar en cos, en moviment i emoci\u00f3. Una proposta que culminava amb un taller corporal, on els infants no nom\u00e9s escoltaven una hist\u00f2ria, sin\u00f3 que la vivien des de dins.<\/p>\n<p data-start=\"1939\" data-end=\"2313\"><img loading=\"lazy\" decoding=\"async\" class=\"alignnone size-full wp-image-9852\" src=\"https:\/\/agora.xtec.cat\/ietemple\/wp-content\/uploads\/usu352\/2026\/04\/murals-2.jpg\" alt=\"\" width=\"1250\" height=\"941\" srcset=\"https:\/\/agora.xtec.cat\/ietemple\/wp-content\/uploads\/usu352\/2026\/04\/murals-2.jpg 1250w, https:\/\/agora.xtec.cat\/ietemple\/wp-content\/uploads\/usu352\/2026\/04\/murals-2-300x226.jpg 300w, https:\/\/agora.xtec.cat\/ietemple\/wp-content\/uploads\/usu352\/2026\/04\/murals-2-1024x771.jpg 1024w, https:\/\/agora.xtec.cat\/ietemple\/wp-content\/uploads\/usu352\/2026\/04\/murals-2-768x578.jpg 768w, https:\/\/agora.xtec.cat\/ietemple\/wp-content\/uploads\/usu352\/2026\/04\/murals-2-200x150.jpg 200w\" sizes=\"auto, (max-width: 1250px) 100vw, 1250px\" \/><\/p>\n<p data-start=\"1939\" data-end=\"2313\"><img loading=\"lazy\" decoding=\"async\" class=\"alignnone wp-image-9838\" src=\"https:\/\/agora.xtec.cat\/ietemple\/wp-content\/uploads\/usu352\/2026\/04\/2-5.jpg\" alt=\"\" width=\"142\" height=\"142\" srcset=\"https:\/\/agora.xtec.cat\/ietemple\/wp-content\/uploads\/usu352\/2026\/04\/2-5.jpg 1108w, https:\/\/agora.xtec.cat\/ietemple\/wp-content\/uploads\/usu352\/2026\/04\/2-5-300x300.jpg 300w, https:\/\/agora.xtec.cat\/ietemple\/wp-content\/uploads\/usu352\/2026\/04\/2-5-1024x1024.jpg 1024w, https:\/\/agora.xtec.cat\/ietemple\/wp-content\/uploads\/usu352\/2026\/04\/2-5-150x150.jpg 150w, https:\/\/agora.xtec.cat\/ietemple\/wp-content\/uploads\/usu352\/2026\/04\/2-5-768x768.jpg 768w\" sizes=\"auto, (max-width: 142px) 100vw, 142px\" \/><\/p>\n<hr data-start=\"2315\" data-end=\"2318\" \/>\n<h3 data-section-id=\"18yo59b\" data-start=\"2320\" data-end=\"2347\">Compet\u00e8ncia lectora i acc\u00e9s a la informaci\u00f3<\/h3>\n<p style=\"text-align: justify;\" data-start=\"2349\" data-end=\"2484\">De la m\u00e0 de la Biblioteca de Roquetes i de la seva bibliotec\u00e0ria, <strong data-start=\"2415\" data-end=\"2432\">Begonya Ferr\u00e9<\/strong>, vam aprofundir en el sentit de llegir i de buscar. L\u2019alumnat de 6\u00e8 va descobrir el funcionament d\u2019<em>eBiblio<\/em>, el gran cat\u00e0leg digital de biblioteques de Catalunya, aprenent a accedir a llibres, pel\u00b7l\u00edcules i audiollibres de manera gratu\u00efta. Paral\u00b7lelament, l\u2019alumnat d\u2019ESO va participar en tallers de cerca d\u2019informaci\u00f3 que anaven m\u00e9s enll\u00e0 de les eines habituals: <em>&#8220;Qu\u00e8 hi ha m\u00e9s enll\u00e0 de Google? Qu\u00e8 hi ha m\u00e9s enll\u00e0 de ChatGPT?&#8221; <\/em>Perqu\u00e8 educar en la lectura avui \u00e9s tamb\u00e9 educar en el criteri, en la selecci\u00f3 i en la mirada cr\u00edtica.<\/p>\n<p data-start=\"2349\" data-end=\"2484\"><img loading=\"lazy\" decoding=\"async\" class=\"alignnone size-full wp-image-9854\" src=\"https:\/\/agora.xtec.cat\/ietemple\/wp-content\/uploads\/usu352\/2026\/04\/murals-3.jpg\" alt=\"\" width=\"1250\" height=\"941\" srcset=\"https:\/\/agora.xtec.cat\/ietemple\/wp-content\/uploads\/usu352\/2026\/04\/murals-3.jpg 1250w, https:\/\/agora.xtec.cat\/ietemple\/wp-content\/uploads\/usu352\/2026\/04\/murals-3-300x226.jpg 300w, https:\/\/agora.xtec.cat\/ietemple\/wp-content\/uploads\/usu352\/2026\/04\/murals-3-1024x771.jpg 1024w, https:\/\/agora.xtec.cat\/ietemple\/wp-content\/uploads\/usu352\/2026\/04\/murals-3-768x578.jpg 768w, https:\/\/agora.xtec.cat\/ietemple\/wp-content\/uploads\/usu352\/2026\/04\/murals-3-200x150.jpg 200w\" sizes=\"auto, (max-width: 1250px) 100vw, 1250px\" \/><\/p>\n<p style=\"text-align: justify;\" data-start=\"2977\" data-end=\"3269\">Els docents, per la seva banda, tamb\u00e9 vam compartir un espai de reflexi\u00f3 sobre el gust per la lectura: com es construeix, com s\u2019alimenta, com es sost\u00e9. La resposta, lluny de f\u00f3rmules m\u00e0giques, apunta cap a dues idees clares: bons llibres a l\u2019abast i temps real, estructurat i sostingut, per llegir.<\/p>\n<hr data-start=\"3271\" data-end=\"3274\" \/>\n<h3 data-section-id=\"1l2yn62\" data-start=\"3276\" data-end=\"3308\">Intervencions art\u00edstiques al voltant de la paraula<\/h3>\n<p style=\"text-align: justify;\" data-start=\"3310\" data-end=\"3393\">La llengua tamb\u00e9 va sortir fora de les aules i es va fer visible als murs del pati. D\u2019una banda, un mural de muixonets de papirofl\u00e8xia. Fets de paper \u2014com els llibres\u2014, aquests ocells simbolitzen all\u00f2 que ens passa quan llegim: el pensament s\u2019eleva, la imaginaci\u00f3 vola, la mirada s\u2019eixampla.<\/p>\n<p data-start=\"3310\" data-end=\"3393\"><img loading=\"lazy\" decoding=\"async\" class=\"alignnone size-full wp-image-9847\" src=\"https:\/\/agora.xtec.cat\/ietemple\/wp-content\/uploads\/usu352\/2026\/04\/4-4.jpg\" alt=\"\" width=\"1250\" height=\"941\" srcset=\"https:\/\/agora.xtec.cat\/ietemple\/wp-content\/uploads\/usu352\/2026\/04\/4-4.jpg 1250w, https:\/\/agora.xtec.cat\/ietemple\/wp-content\/uploads\/usu352\/2026\/04\/4-4-300x226.jpg 300w, https:\/\/agora.xtec.cat\/ietemple\/wp-content\/uploads\/usu352\/2026\/04\/4-4-1024x771.jpg 1024w, https:\/\/agora.xtec.cat\/ietemple\/wp-content\/uploads\/usu352\/2026\/04\/4-4-768x578.jpg 768w, https:\/\/agora.xtec.cat\/ietemple\/wp-content\/uploads\/usu352\/2026\/04\/4-4-200x150.jpg 200w\" sizes=\"auto, (max-width: 1250px) 100vw, 1250px\" \/><\/p>\n<p data-start=\"3310\" data-end=\"3393\"><img loading=\"lazy\" decoding=\"async\" class=\"alignnone size-full wp-image-9848\" src=\"https:\/\/agora.xtec.cat\/ietemple\/wp-content\/uploads\/usu352\/2026\/04\/5-3.jpg\" alt=\"\" width=\"1250\" height=\"941\" srcset=\"https:\/\/agora.xtec.cat\/ietemple\/wp-content\/uploads\/usu352\/2026\/04\/5-3.jpg 1250w, https:\/\/agora.xtec.cat\/ietemple\/wp-content\/uploads\/usu352\/2026\/04\/5-3-300x226.jpg 300w, https:\/\/agora.xtec.cat\/ietemple\/wp-content\/uploads\/usu352\/2026\/04\/5-3-1024x771.jpg 1024w, https:\/\/agora.xtec.cat\/ietemple\/wp-content\/uploads\/usu352\/2026\/04\/5-3-768x578.jpg 768w, https:\/\/agora.xtec.cat\/ietemple\/wp-content\/uploads\/usu352\/2026\/04\/5-3-200x150.jpg 200w\" sizes=\"auto, (max-width: 1250px) 100vw, 1250px\" \/><\/p>\n<p style=\"text-align: justify;\" data-start=\"3608\" data-end=\"3897\">De l\u2019altra, un mural de color, paraula i capes. Paraules en catal\u00e0 escollides pels nostres infants, superposades, entrella\u00e7ades, constru\u00efdes per moltes mans diferents. Un mural viu, que parla de comunitat: del que podem fer quan tots hi posem el nostre gest.<\/p>\n<p data-start=\"3608\" data-end=\"3897\"><img loading=\"lazy\" decoding=\"async\" class=\"alignnone size-full wp-image-9844\" src=\"https:\/\/agora.xtec.cat\/ietemple\/wp-content\/uploads\/usu352\/2026\/04\/1-6.jpg\" alt=\"\" width=\"1250\" height=\"941\" srcset=\"https:\/\/agora.xtec.cat\/ietemple\/wp-content\/uploads\/usu352\/2026\/04\/1-6.jpg 1250w, https:\/\/agora.xtec.cat\/ietemple\/wp-content\/uploads\/usu352\/2026\/04\/1-6-300x226.jpg 300w, https:\/\/agora.xtec.cat\/ietemple\/wp-content\/uploads\/usu352\/2026\/04\/1-6-1024x771.jpg 1024w, https:\/\/agora.xtec.cat\/ietemple\/wp-content\/uploads\/usu352\/2026\/04\/1-6-768x578.jpg 768w, https:\/\/agora.xtec.cat\/ietemple\/wp-content\/uploads\/usu352\/2026\/04\/1-6-200x150.jpg 200w\" sizes=\"auto, (max-width: 1250px) 100vw, 1250px\" \/><\/p>\n<p data-start=\"3608\" data-end=\"3897\"><img loading=\"lazy\" decoding=\"async\" class=\"alignnone size-full wp-image-9845\" src=\"https:\/\/agora.xtec.cat\/ietemple\/wp-content\/uploads\/usu352\/2026\/04\/2-6.jpg\" alt=\"\" width=\"1250\" height=\"941\" srcset=\"https:\/\/agora.xtec.cat\/ietemple\/wp-content\/uploads\/usu352\/2026\/04\/2-6.jpg 1250w, https:\/\/agora.xtec.cat\/ietemple\/wp-content\/uploads\/usu352\/2026\/04\/2-6-300x226.jpg 300w, https:\/\/agora.xtec.cat\/ietemple\/wp-content\/uploads\/usu352\/2026\/04\/2-6-1024x771.jpg 1024w, https:\/\/agora.xtec.cat\/ietemple\/wp-content\/uploads\/usu352\/2026\/04\/2-6-768x578.jpg 768w, https:\/\/agora.xtec.cat\/ietemple\/wp-content\/uploads\/usu352\/2026\/04\/2-6-200x150.jpg 200w\" sizes=\"auto, (max-width: 1250px) 100vw, 1250px\" \/><\/p>\n<p data-start=\"3608\" data-end=\"3897\"><img loading=\"lazy\" decoding=\"async\" class=\"alignnone size-full wp-image-9846\" src=\"https:\/\/agora.xtec.cat\/ietemple\/wp-content\/uploads\/usu352\/2026\/04\/3-5.jpg\" alt=\"\" width=\"1250\" height=\"941\" srcset=\"https:\/\/agora.xtec.cat\/ietemple\/wp-content\/uploads\/usu352\/2026\/04\/3-5.jpg 1250w, https:\/\/agora.xtec.cat\/ietemple\/wp-content\/uploads\/usu352\/2026\/04\/3-5-300x226.jpg 300w, https:\/\/agora.xtec.cat\/ietemple\/wp-content\/uploads\/usu352\/2026\/04\/3-5-1024x771.jpg 1024w, https:\/\/agora.xtec.cat\/ietemple\/wp-content\/uploads\/usu352\/2026\/04\/3-5-768x578.jpg 768w, https:\/\/agora.xtec.cat\/ietemple\/wp-content\/uploads\/usu352\/2026\/04\/3-5-200x150.jpg 200w\" sizes=\"auto, (max-width: 1250px) 100vw, 1250px\" \/><\/p>\n<hr data-start=\"4088\" data-end=\"4091\" \/>\n<h3 data-section-id=\"l6qwqo\" data-start=\"4093\" data-end=\"4128\">Sant Jordi: la llengua al carrer<\/h3>\n<p style=\"text-align: justify;\" data-start=\"4130\" data-end=\"4345\">La diada de Sant Jordi va portar la literatura fora del centre. Els nostres joves de 4t d\u2019ESO van muntar les seves parades de llibres de segona m\u00e0 i roses. Tot l&#8217;alumnat va sortir a passejar per la ciutat.<\/p>\n<p style=\"text-align: justify;\" data-start=\"4347\" data-end=\"4589\">A la tarda, els <strong data-start=\"4363\" data-end=\"4383\">premis literaris<\/strong>, organitzats per l\u2019Associaci\u00f3 de Fam\u00edlies, van posar en valor la creativitat del nostre alumnat. Un gest imprescindible, que reconeix l\u2019esfor\u00e7 i el talent, i que refor\u00e7a el vincle entre escola i comunitat.<\/p>\n<p data-start=\"4347\" data-end=\"4589\"><img loading=\"lazy\" decoding=\"async\" class=\"alignnone size-full wp-image-9872\" src=\"https:\/\/agora.xtec.cat\/ietemple\/wp-content\/uploads\/usu352\/2026\/04\/murals-4.jpg\" alt=\"\" width=\"1250\" height=\"941\" srcset=\"https:\/\/agora.xtec.cat\/ietemple\/wp-content\/uploads\/usu352\/2026\/04\/murals-4.jpg 1250w, https:\/\/agora.xtec.cat\/ietemple\/wp-content\/uploads\/usu352\/2026\/04\/murals-4-300x226.jpg 300w, https:\/\/agora.xtec.cat\/ietemple\/wp-content\/uploads\/usu352\/2026\/04\/murals-4-1024x771.jpg 1024w, https:\/\/agora.xtec.cat\/ietemple\/wp-content\/uploads\/usu352\/2026\/04\/murals-4-768x578.jpg 768w, https:\/\/agora.xtec.cat\/ietemple\/wp-content\/uploads\/usu352\/2026\/04\/murals-4-200x150.jpg 200w\" sizes=\"auto, (max-width: 1250px) 100vw, 1250px\" \/><\/p>\n<p data-start=\"4347\" data-end=\"4589\"><img loading=\"lazy\" decoding=\"async\" class=\"wp-image-9838 alignright\" src=\"https:\/\/agora.xtec.cat\/ietemple\/wp-content\/uploads\/usu352\/2026\/04\/2-5.jpg\" alt=\"\" width=\"143\" height=\"143\" srcset=\"https:\/\/agora.xtec.cat\/ietemple\/wp-content\/uploads\/usu352\/2026\/04\/2-5.jpg 1108w, https:\/\/agora.xtec.cat\/ietemple\/wp-content\/uploads\/usu352\/2026\/04\/2-5-300x300.jpg 300w, https:\/\/agora.xtec.cat\/ietemple\/wp-content\/uploads\/usu352\/2026\/04\/2-5-1024x1024.jpg 1024w, https:\/\/agora.xtec.cat\/ietemple\/wp-content\/uploads\/usu352\/2026\/04\/2-5-150x150.jpg 150w, https:\/\/agora.xtec.cat\/ietemple\/wp-content\/uploads\/usu352\/2026\/04\/2-5-768x768.jpg 768w\" sizes=\"auto, (max-width: 143px) 100vw, 143px\" \/><\/p>\n<hr data-start=\"4591\" data-end=\"4594\" \/>\n<h3 data-section-id=\"32dbyz\" data-start=\"4596\" data-end=\"4630\">La flama del Correllengua Agermanat<\/h3>\n<p style=\"text-align: justify;\" data-start=\"4632\" data-end=\"4749\">La cloenda de la setmana va arribar amb un moment carregat de simbolisme: l\u2019entrada de la <strong data-start=\"4722\" data-end=\"4748\">Flama del Correllengua<\/strong>. Els alumnes de 2n d\u2019ESO, en el marc del projecte <em data-start=\"4800\" data-end=\"4813\">Som Llengua<\/em>, la van anar a buscar a l&#8217;Ajuntament i la van portar corrent fins al centre. La vam rebre tots junts, cantant <em data-start=\"4901\" data-end=\"4913\">Amb el cor<\/em>, en un gest col\u00b7lectiu que anava molt m\u00e9s enll\u00e0 de l\u2019acte.<\/p>\n<p style=\"text-align: justify;\" data-start=\"4632\" data-end=\"4749\">La flama \u00e9s mem\u00f2ria, \u00e9s continu\u00eftat, \u00e9s comprom\u00eds. Representa una llengua que passa de m\u00e0 en m\u00e0, de generaci\u00f3 en generaci\u00f3. Les alumnes d\u2019Arts Esc\u00e8niques van donar cos a aquesta flama: el moviment convertia el s\u00edmbol en vida, batec i pres\u00e8ncia.<\/p>\n<p data-start=\"4632\" data-end=\"4749\"><img loading=\"lazy\" decoding=\"async\" class=\"alignnone size-full wp-image-9859\" src=\"https:\/\/agora.xtec.cat\/ietemple\/wp-content\/uploads\/usu352\/2026\/04\/3-6.jpg\" alt=\"\" width=\"1250\" height=\"941\" srcset=\"https:\/\/agora.xtec.cat\/ietemple\/wp-content\/uploads\/usu352\/2026\/04\/3-6.jpg 1250w, https:\/\/agora.xtec.cat\/ietemple\/wp-content\/uploads\/usu352\/2026\/04\/3-6-300x226.jpg 300w, https:\/\/agora.xtec.cat\/ietemple\/wp-content\/uploads\/usu352\/2026\/04\/3-6-1024x771.jpg 1024w, https:\/\/agora.xtec.cat\/ietemple\/wp-content\/uploads\/usu352\/2026\/04\/3-6-768x578.jpg 768w, https:\/\/agora.xtec.cat\/ietemple\/wp-content\/uploads\/usu352\/2026\/04\/3-6-200x150.jpg 200w\" sizes=\"auto, (max-width: 1250px) 100vw, 1250px\" \/><\/p>\n<p data-start=\"4632\" data-end=\"4749\"><img loading=\"lazy\" decoding=\"async\" class=\"alignnone size-full wp-image-9857\" src=\"https:\/\/agora.xtec.cat\/ietemple\/wp-content\/uploads\/usu352\/2026\/04\/1-7.jpg\" alt=\"\" width=\"1250\" height=\"941\" srcset=\"https:\/\/agora.xtec.cat\/ietemple\/wp-content\/uploads\/usu352\/2026\/04\/1-7.jpg 1250w, https:\/\/agora.xtec.cat\/ietemple\/wp-content\/uploads\/usu352\/2026\/04\/1-7-300x226.jpg 300w, https:\/\/agora.xtec.cat\/ietemple\/wp-content\/uploads\/usu352\/2026\/04\/1-7-1024x771.jpg 1024w, https:\/\/agora.xtec.cat\/ietemple\/wp-content\/uploads\/usu352\/2026\/04\/1-7-768x578.jpg 768w, https:\/\/agora.xtec.cat\/ietemple\/wp-content\/uploads\/usu352\/2026\/04\/1-7-200x150.jpg 200w\" sizes=\"auto, (max-width: 1250px) 100vw, 1250px\" \/><\/p>\n<p data-start=\"4632\" data-end=\"4749\"><img loading=\"lazy\" decoding=\"async\" class=\"alignnone size-full wp-image-9858\" src=\"https:\/\/agora.xtec.cat\/ietemple\/wp-content\/uploads\/usu352\/2026\/04\/2-7.jpg\" alt=\"\" width=\"1250\" height=\"941\" srcset=\"https:\/\/agora.xtec.cat\/ietemple\/wp-content\/uploads\/usu352\/2026\/04\/2-7.jpg 1250w, https:\/\/agora.xtec.cat\/ietemple\/wp-content\/uploads\/usu352\/2026\/04\/2-7-300x226.jpg 300w, https:\/\/agora.xtec.cat\/ietemple\/wp-content\/uploads\/usu352\/2026\/04\/2-7-1024x771.jpg 1024w, https:\/\/agora.xtec.cat\/ietemple\/wp-content\/uploads\/usu352\/2026\/04\/2-7-768x578.jpg 768w, https:\/\/agora.xtec.cat\/ietemple\/wp-content\/uploads\/usu352\/2026\/04\/2-7-200x150.jpg 200w\" sizes=\"auto, (max-width: 1250px) 100vw, 1250px\" \/><\/p>\n<p data-start=\"4974\" data-end=\"5144\"><img loading=\"lazy\" decoding=\"async\" class=\"wp-image-9839 aligncenter\" src=\"https:\/\/agora.xtec.cat\/ietemple\/wp-content\/uploads\/usu352\/2026\/04\/3-4.jpg\" alt=\"\" width=\"190\" height=\"190\" srcset=\"https:\/\/agora.xtec.cat\/ietemple\/wp-content\/uploads\/usu352\/2026\/04\/3-4.jpg 1108w, https:\/\/agora.xtec.cat\/ietemple\/wp-content\/uploads\/usu352\/2026\/04\/3-4-300x300.jpg 300w, https:\/\/agora.xtec.cat\/ietemple\/wp-content\/uploads\/usu352\/2026\/04\/3-4-1024x1024.jpg 1024w, https:\/\/agora.xtec.cat\/ietemple\/wp-content\/uploads\/usu352\/2026\/04\/3-4-150x150.jpg 150w, https:\/\/agora.xtec.cat\/ietemple\/wp-content\/uploads\/usu352\/2026\/04\/3-4-768x768.jpg 768w\" sizes=\"auto, (max-width: 190px) 100vw, 190px\" \/><\/p>\n<hr data-start=\"5315\" data-end=\"5318\" \/>\n<h3 data-section-id=\"1kywrx4\" data-start=\"5320\" data-end=\"5357\">Una acci\u00f3 esc\u00e8nica per dir qui som<\/h3>\n<p style=\"text-align: justify;\" data-start=\"5359\" data-end=\"5542\">A partir d\u2019aquest moment, el SUM es va transformar en un espai esc\u00e8nic que integrava literatura, m\u00fasica i dansa en una mateixa acci\u00f3 col\u00b7lectiva . Combo Musical, les alumnes d\u2019Arts Esc\u00e8niques i una representaci\u00f3 \u00a0de docents i alumnes de les comunitat de mitjans, grans i joves van construir un recital compartit. Paraules recitades, can\u00e7ons en catal\u00e0, cossos en moviment.<\/p>\n<p data-start=\"5359\" data-end=\"5542\"><img loading=\"lazy\" decoding=\"async\" class=\"alignnone size-full wp-image-9862\" src=\"https:\/\/agora.xtec.cat\/ietemple\/wp-content\/uploads\/usu352\/2026\/04\/1-8.jpg\" alt=\"\" width=\"1250\" height=\"941\" srcset=\"https:\/\/agora.xtec.cat\/ietemple\/wp-content\/uploads\/usu352\/2026\/04\/1-8.jpg 1250w, https:\/\/agora.xtec.cat\/ietemple\/wp-content\/uploads\/usu352\/2026\/04\/1-8-300x226.jpg 300w, https:\/\/agora.xtec.cat\/ietemple\/wp-content\/uploads\/usu352\/2026\/04\/1-8-1024x771.jpg 1024w, https:\/\/agora.xtec.cat\/ietemple\/wp-content\/uploads\/usu352\/2026\/04\/1-8-768x578.jpg 768w, https:\/\/agora.xtec.cat\/ietemple\/wp-content\/uploads\/usu352\/2026\/04\/1-8-200x150.jpg 200w\" sizes=\"auto, (max-width: 1250px) 100vw, 1250px\" \/><\/p>\n<p data-start=\"5359\" data-end=\"5542\"><img loading=\"lazy\" decoding=\"async\" class=\"alignnone size-full wp-image-9863\" src=\"https:\/\/agora.xtec.cat\/ietemple\/wp-content\/uploads\/usu352\/2026\/04\/2-8.jpg\" alt=\"\" width=\"1250\" height=\"941\" srcset=\"https:\/\/agora.xtec.cat\/ietemple\/wp-content\/uploads\/usu352\/2026\/04\/2-8.jpg 1250w, https:\/\/agora.xtec.cat\/ietemple\/wp-content\/uploads\/usu352\/2026\/04\/2-8-300x226.jpg 300w, https:\/\/agora.xtec.cat\/ietemple\/wp-content\/uploads\/usu352\/2026\/04\/2-8-1024x771.jpg 1024w, https:\/\/agora.xtec.cat\/ietemple\/wp-content\/uploads\/usu352\/2026\/04\/2-8-768x578.jpg 768w, https:\/\/agora.xtec.cat\/ietemple\/wp-content\/uploads\/usu352\/2026\/04\/2-8-200x150.jpg 200w\" sizes=\"auto, (max-width: 1250px) 100vw, 1250px\" \/><\/p>\n<p style=\"text-align: justify;\" data-start=\"5790\" data-end=\"6077\">Les alumnes de teatre posaven veu i gest a la literatura. La m\u00fasica sostenia i amplificava les emocions. I, enmig de tot plegat, les veus de l\u2019aula d\u2019acollida aportaven una dimensi\u00f3 imprescindible: la llengua com a espai d\u2019arribada, com a eina per entendre\u2019ns, com a punt de trobada.<\/p>\n<p data-start=\"5790\" data-end=\"6077\">Un acte que ens recorda que la literatura no \u00e9s nom\u00e9s all\u00f2 que es llegeix, sin\u00f3 all\u00f2 que es viu, es comparteix i transforma.<\/p>\n<p data-start=\"5790\" data-end=\"6077\"><img loading=\"lazy\" decoding=\"async\" class=\"alignnone size-full wp-image-9869\" src=\"https:\/\/agora.xtec.cat\/ietemple\/wp-content\/uploads\/usu352\/2026\/04\/8.jpg\" alt=\"\" width=\"1250\" height=\"941\" srcset=\"https:\/\/agora.xtec.cat\/ietemple\/wp-content\/uploads\/usu352\/2026\/04\/8.jpg 1250w, https:\/\/agora.xtec.cat\/ietemple\/wp-content\/uploads\/usu352\/2026\/04\/8-300x226.jpg 300w, https:\/\/agora.xtec.cat\/ietemple\/wp-content\/uploads\/usu352\/2026\/04\/8-1024x771.jpg 1024w, https:\/\/agora.xtec.cat\/ietemple\/wp-content\/uploads\/usu352\/2026\/04\/8-768x578.jpg 768w, https:\/\/agora.xtec.cat\/ietemple\/wp-content\/uploads\/usu352\/2026\/04\/8-200x150.jpg 200w\" sizes=\"auto, (max-width: 1250px) 100vw, 1250px\" \/><\/p>\n<p data-start=\"5790\" data-end=\"6077\"><img loading=\"lazy\" decoding=\"async\" class=\"alignnone size-full wp-image-9867\" src=\"https:\/\/agora.xtec.cat\/ietemple\/wp-content\/uploads\/usu352\/2026\/04\/6-2.jpg\" alt=\"\" width=\"1250\" height=\"941\" srcset=\"https:\/\/agora.xtec.cat\/ietemple\/wp-content\/uploads\/usu352\/2026\/04\/6-2.jpg 1250w, https:\/\/agora.xtec.cat\/ietemple\/wp-content\/uploads\/usu352\/2026\/04\/6-2-300x226.jpg 300w, https:\/\/agora.xtec.cat\/ietemple\/wp-content\/uploads\/usu352\/2026\/04\/6-2-1024x771.jpg 1024w, https:\/\/agora.xtec.cat\/ietemple\/wp-content\/uploads\/usu352\/2026\/04\/6-2-768x578.jpg 768w, https:\/\/agora.xtec.cat\/ietemple\/wp-content\/uploads\/usu352\/2026\/04\/6-2-200x150.jpg 200w\" sizes=\"auto, (max-width: 1250px) 100vw, 1250px\" \/><\/p>\n<p data-start=\"6079\" data-end=\"6206\"><img loading=\"lazy\" decoding=\"async\" class=\"alignnone size-full wp-image-9866\" src=\"https:\/\/agora.xtec.cat\/ietemple\/wp-content\/uploads\/usu352\/2026\/04\/5-4.jpg\" alt=\"\" width=\"1250\" height=\"941\" srcset=\"https:\/\/agora.xtec.cat\/ietemple\/wp-content\/uploads\/usu352\/2026\/04\/5-4.jpg 1250w, https:\/\/agora.xtec.cat\/ietemple\/wp-content\/uploads\/usu352\/2026\/04\/5-4-300x226.jpg 300w, https:\/\/agora.xtec.cat\/ietemple\/wp-content\/uploads\/usu352\/2026\/04\/5-4-1024x771.jpg 1024w, https:\/\/agora.xtec.cat\/ietemple\/wp-content\/uploads\/usu352\/2026\/04\/5-4-768x578.jpg 768w, https:\/\/agora.xtec.cat\/ietemple\/wp-content\/uploads\/usu352\/2026\/04\/5-4-200x150.jpg 200w\" sizes=\"auto, (max-width: 1250px) 100vw, 1250px\" \/><\/p>\n<hr data-start=\"6208\" data-end=\"6211\" \/>\n<h3 data-section-id=\"64yv44\" data-start=\"6213\" data-end=\"6255\">Una instal\u00b7laci\u00f3 per habitar la paraula<\/h3>\n<p style=\"text-align: justify;\" data-start=\"6257\" data-end=\"6338\">Tot l\u2019acte estava abra\u00e7at per una instal\u00b7laci\u00f3 art\u00edstica carregada de significat. Aquesta connexi\u00f3 amb la papirofl\u00e8xia no \u00e9s casual. \u00c9s el fil que uneix els murs del pati amb el SUM, recordant-nos que l\u2019art pot travessar espais, formats i llenguatges.<\/p>\n<p data-start=\"6257\" data-end=\"6338\"><img loading=\"lazy\" decoding=\"async\" class=\"alignnone size-full wp-image-9868\" src=\"https:\/\/agora.xtec.cat\/ietemple\/wp-content\/uploads\/usu352\/2026\/04\/7-1.jpg\" alt=\"\" width=\"1250\" height=\"941\" srcset=\"https:\/\/agora.xtec.cat\/ietemple\/wp-content\/uploads\/usu352\/2026\/04\/7-1.jpg 1250w, https:\/\/agora.xtec.cat\/ietemple\/wp-content\/uploads\/usu352\/2026\/04\/7-1-300x226.jpg 300w, https:\/\/agora.xtec.cat\/ietemple\/wp-content\/uploads\/usu352\/2026\/04\/7-1-1024x771.jpg 1024w, https:\/\/agora.xtec.cat\/ietemple\/wp-content\/uploads\/usu352\/2026\/04\/7-1-768x578.jpg 768w, https:\/\/agora.xtec.cat\/ietemple\/wp-content\/uploads\/usu352\/2026\/04\/7-1-200x150.jpg 200w\" sizes=\"auto, (max-width: 1250px) 100vw, 1250px\" \/><\/p>\n<p data-start=\"6257\" data-end=\"6338\"><img loading=\"lazy\" decoding=\"async\" class=\"alignnone size-full wp-image-9864\" src=\"https:\/\/agora.xtec.cat\/ietemple\/wp-content\/uploads\/usu352\/2026\/04\/3-7.jpg\" alt=\"\" width=\"1250\" height=\"941\" srcset=\"https:\/\/agora.xtec.cat\/ietemple\/wp-content\/uploads\/usu352\/2026\/04\/3-7.jpg 1250w, https:\/\/agora.xtec.cat\/ietemple\/wp-content\/uploads\/usu352\/2026\/04\/3-7-300x226.jpg 300w, https:\/\/agora.xtec.cat\/ietemple\/wp-content\/uploads\/usu352\/2026\/04\/3-7-1024x771.jpg 1024w, https:\/\/agora.xtec.cat\/ietemple\/wp-content\/uploads\/usu352\/2026\/04\/3-7-768x578.jpg 768w, https:\/\/agora.xtec.cat\/ietemple\/wp-content\/uploads\/usu352\/2026\/04\/3-7-200x150.jpg 200w\" sizes=\"auto, (max-width: 1250px) 100vw, 1250px\" \/><\/p>\n<p style=\"text-align: justify;\" data-start=\"6340\" data-end=\"6614\">Els <strong data-start=\"6344\" data-end=\"6365\">diamants de paper<\/strong>, elaborats per la comunitat de grans, evocaven <em data-start=\"6413\" data-end=\"6435\">La pla\u00e7a del Diamant<\/em> de Merc\u00e8 Rodoreda. Un s\u00edmbol que ens recorda que, fins i tot en temps dif\u00edcils, les paraules ens ajuden a trobar la veu i a reconstruir-nos. Les <strong data-start=\"6620\" data-end=\"6642\">postals liter\u00e0ries<\/strong>, creades pels joves, eren petites peces de pensament i emoci\u00f3: fragments, paraules, que convidaven a aturar-se i mirar. I el <strong data-start=\"6777\" data-end=\"6796\">riu de paraules<\/strong>, inspirat en <em data-start=\"6810\" data-end=\"6829\">Can\u00e7\u00f3 de fer cam\u00ed<\/em> de Maria Merc\u00e8 Mar\u00e7al, travessava l\u2019espai com una met\u00e0fora col\u00b7lectiva. Cada infant hi deixava la seva barqueta de paper, afirmant una idea senzilla i poderosa: el cam\u00ed de la llengua el fem junts.<\/p>\n<p data-start=\"6340\" data-end=\"6614\"><img loading=\"lazy\" decoding=\"async\" class=\"alignnone size-full wp-image-9865\" src=\"https:\/\/agora.xtec.cat\/ietemple\/wp-content\/uploads\/usu352\/2026\/04\/4-5.jpg\" alt=\"\" width=\"1250\" height=\"941\" srcset=\"https:\/\/agora.xtec.cat\/ietemple\/wp-content\/uploads\/usu352\/2026\/04\/4-5.jpg 1250w, https:\/\/agora.xtec.cat\/ietemple\/wp-content\/uploads\/usu352\/2026\/04\/4-5-300x226.jpg 300w, https:\/\/agora.xtec.cat\/ietemple\/wp-content\/uploads\/usu352\/2026\/04\/4-5-1024x771.jpg 1024w, https:\/\/agora.xtec.cat\/ietemple\/wp-content\/uploads\/usu352\/2026\/04\/4-5-768x578.jpg 768w, https:\/\/agora.xtec.cat\/ietemple\/wp-content\/uploads\/usu352\/2026\/04\/4-5-200x150.jpg 200w\" sizes=\"auto, (max-width: 1250px) 100vw, 1250px\" \/><\/p>\n<p data-start=\"6340\" data-end=\"6614\"><img loading=\"lazy\" decoding=\"async\" class=\"alignnone size-full wp-image-9870\" src=\"https:\/\/agora.xtec.cat\/ietemple\/wp-content\/uploads\/usu352\/2026\/04\/9.jpg\" alt=\"\" width=\"1250\" height=\"941\" srcset=\"https:\/\/agora.xtec.cat\/ietemple\/wp-content\/uploads\/usu352\/2026\/04\/9.jpg 1250w, https:\/\/agora.xtec.cat\/ietemple\/wp-content\/uploads\/usu352\/2026\/04\/9-300x226.jpg 300w, https:\/\/agora.xtec.cat\/ietemple\/wp-content\/uploads\/usu352\/2026\/04\/9-1024x771.jpg 1024w, https:\/\/agora.xtec.cat\/ietemple\/wp-content\/uploads\/usu352\/2026\/04\/9-768x578.jpg 768w, https:\/\/agora.xtec.cat\/ietemple\/wp-content\/uploads\/usu352\/2026\/04\/9-200x150.jpg 200w\" sizes=\"auto, (max-width: 1250px) 100vw, 1250px\" \/><\/p>\n<hr data-start=\"7028\" data-end=\"7031\" \/>\n<h3 data-section-id=\"pdfyqo\" data-start=\"7033\" data-end=\"7050\">Fer cam\u00ed junts<\/h3>\n<p style=\"text-align: justify;\" data-start=\"7052\" data-end=\"7258\">La <em>Setmana de les Lletres i les Arts<\/em> no ha estat nom\u00e9s un conjunt d\u2019activitats. Ha estat una experi\u00e8ncia compartida que posa en valor la llengua catalana com a eix de pensament, de creaci\u00f3 i de conviv\u00e8ncia. Perqu\u00e8 la llengua no \u00e9s nom\u00e9s un codi. \u00c9s una manera de mirar el m\u00f3n. I l\u2019art, una manera de dir-lo. I quan les dues coses es troben, passa el que hem viscut aquests dies: una comunitat que es reconeix, que s\u2019expressa i que, sobretot, decideix continuar fent cam\u00ed junta.<\/p>\n<p style=\"text-align: justify;\" data-start=\"7364\" data-end=\"7533\">Res d\u2019aix\u00f2 hauria estat possible sense les persones que ho han fet realitat. Un agra\u00efment profund als nostres <strong data-start=\"199\" data-end=\"260\">professors i professores de catal\u00e0 i de l\u2019aula d\u2019acollida<\/strong>, per sostenir la llengua des del rigor i el comprom\u00eds; a les <strong data-start=\"322\" data-end=\"354\">professores d\u2019Art i de Combo<\/strong> i als <strong data-start=\"361\" data-end=\"397\">docents del projecte <em>Som Llengua<\/em><\/strong>, per convertir la paraula en experi\u00e8ncia viva, compartida i significativa. Un agra\u00efment molt especial a l\u2019<strong data-start=\"504\" data-end=\"511\">AFI<\/strong>, per acompanyar, impulsar i fer cr\u00e9ixer la vida del centre. I gr\u00e0cies tamb\u00e9 als <strong data-start=\"592\" data-end=\"618\">col\u00b7laboradors externs<\/strong> que han enriquit aquesta setmana amb la seva mirada i talent: <strong data-start=\"681\" data-end=\"698\">Begonya Ferr\u00e9<\/strong>, <strong data-start=\"700\" data-end=\"724\">Un Farcell de Contes<\/strong>, <strong data-start=\"726\" data-end=\"740\">Keke Shuga<\/strong> i <strong data-start=\"743\" data-end=\"758\">Alice Sorin<\/strong>. Entre tots i totes, hem fet possible una setmana que deixa petjada.<\/p>\n<p data-start=\"7364\" data-end=\"7533\"><img loading=\"lazy\" decoding=\"async\" class=\"wp-image-9839 aligncenter\" src=\"https:\/\/agora.xtec.cat\/ietemple\/wp-content\/uploads\/usu352\/2026\/04\/3-4.jpg\" alt=\"\" width=\"366\" height=\"366\" srcset=\"https:\/\/agora.xtec.cat\/ietemple\/wp-content\/uploads\/usu352\/2026\/04\/3-4.jpg 1108w, https:\/\/agora.xtec.cat\/ietemple\/wp-content\/uploads\/usu352\/2026\/04\/3-4-300x300.jpg 300w, https:\/\/agora.xtec.cat\/ietemple\/wp-content\/uploads\/usu352\/2026\/04\/3-4-1024x1024.jpg 1024w, https:\/\/agora.xtec.cat\/ietemple\/wp-content\/uploads\/usu352\/2026\/04\/3-4-150x150.jpg 150w, https:\/\/agora.xtec.cat\/ietemple\/wp-content\/uploads\/usu352\/2026\/04\/3-4-768x768.jpg 768w\" sizes=\"auto, (max-width: 366px) 100vw, 366px\" \/><\/p>\n<hr data-start=\"7535\" data-end=\"7539\" \/>\n","protected":false},"excerpt":{"rendered":"<p>Hi ha iniciatives que nom\u00e9s s\u00f3n possibles quan existeix una comunitat implicada i compromesa. La Setmana de les Lletres i les Arts n\u2019ha estat un exemple clar: una suma de gestos, de mirades, de veus i de mans que, al llarg d\u2019uns dies, han posat&hellip;  <a href=\"https:\/\/agora.xtec.cat\/ietemple\/general\/setmana-de-les-lletres-i-les-arts-la-paraula-que-ens-fa-comunitat\/\" title=\"Read Setmana de les Lletres i les Arts: la paraula que ens fa comunitat\">Llegeix m\u00e9s\u00bb<\/a><\/p>\n","protected":false},"author":1,"featured_media":9839,"comment_status":"open","ping_status":"open","sticky":false,"template":"","format":"standard","meta":{"_bbp_topic_count":0,"_bbp_reply_count":0,"_bbp_total_topic_count":0,"_bbp_total_reply_count":0,"_bbp_voice_count":0,"_bbp_anonymous_reply_count":0,"_bbp_topic_count_hidden":0,"_bbp_reply_count_hidden":0,"_bbp_forum_subforum_count":0,"footnotes":""},"categories":[1,4],"tags":[],"class_list":["post-9836","post","type-post","status-publish","format-standard","has-post-thumbnail","hentry","category-general","category-portada"],"post_mailing_queue_ids":[],"_links":{"self":[{"href":"https:\/\/agora.xtec.cat\/ietemple\/wp-json\/wp\/v2\/posts\/9836","targetHints":{"allow":["GET"]}}],"collection":[{"href":"https:\/\/agora.xtec.cat\/ietemple\/wp-json\/wp\/v2\/posts"}],"about":[{"href":"https:\/\/agora.xtec.cat\/ietemple\/wp-json\/wp\/v2\/types\/post"}],"author":[{"embeddable":true,"href":"https:\/\/agora.xtec.cat\/ietemple\/wp-json\/wp\/v2\/users\/1"}],"replies":[{"embeddable":true,"href":"https:\/\/agora.xtec.cat\/ietemple\/wp-json\/wp\/v2\/comments?post=9836"}],"version-history":[{"count":6,"href":"https:\/\/agora.xtec.cat\/ietemple\/wp-json\/wp\/v2\/posts\/9836\/revisions"}],"predecessor-version":[{"id":9878,"href":"https:\/\/agora.xtec.cat\/ietemple\/wp-json\/wp\/v2\/posts\/9836\/revisions\/9878"}],"wp:featuredmedia":[{"embeddable":true,"href":"https:\/\/agora.xtec.cat\/ietemple\/wp-json\/wp\/v2\/media\/9839"}],"wp:attachment":[{"href":"https:\/\/agora.xtec.cat\/ietemple\/wp-json\/wp\/v2\/media?parent=9836"}],"wp:term":[{"taxonomy":"category","embeddable":true,"href":"https:\/\/agora.xtec.cat\/ietemple\/wp-json\/wp\/v2\/categories?post=9836"},{"taxonomy":"post_tag","embeddable":true,"href":"https:\/\/agora.xtec.cat\/ietemple\/wp-json\/wp\/v2\/tags?post=9836"}],"curies":[{"name":"wp","href":"https:\/\/api.w.org\/{rel}","templated":true}]}}