{"id":9828,"date":"2026-04-28T18:11:42","date_gmt":"2026-04-28T16:11:42","guid":{"rendered":"https:\/\/agora.xtec.cat\/ietemple\/?p=9828"},"modified":"2026-04-28T18:11:42","modified_gmt":"2026-04-28T16:11:42","slug":"projectes-a-1r-deso-quin-es-el-veritable-cost-dallo-que-menjo","status":"publish","type":"post","link":"https:\/\/agora.xtec.cat\/ietemple\/general\/projectes-a-1r-deso-quin-es-el-veritable-cost-dallo-que-menjo\/","title":{"rendered":"Projectes a 1r d&#8217;ESO | Quin \u00e9s el veritable cost d\u2019all\u00f2 que menjo?"},"content":{"rendered":"<p style=\"text-align: justify;\" data-start=\"123\" data-end=\"332\"><img loading=\"lazy\" decoding=\"async\" class=\"alignnone size-full wp-image-9829\" src=\"https:\/\/agora.xtec.cat\/ietemple\/wp-content\/uploads\/usu352\/2026\/04\/1-4.jpg\" alt=\"\" width=\"1500\" height=\"1129\" srcset=\"https:\/\/agora.xtec.cat\/ietemple\/wp-content\/uploads\/usu352\/2026\/04\/1-4.jpg 1500w, https:\/\/agora.xtec.cat\/ietemple\/wp-content\/uploads\/usu352\/2026\/04\/1-4-300x226.jpg 300w, https:\/\/agora.xtec.cat\/ietemple\/wp-content\/uploads\/usu352\/2026\/04\/1-4-1024x771.jpg 1024w, https:\/\/agora.xtec.cat\/ietemple\/wp-content\/uploads\/usu352\/2026\/04\/1-4-768x578.jpg 768w, https:\/\/agora.xtec.cat\/ietemple\/wp-content\/uploads\/usu352\/2026\/04\/1-4-200x150.jpg 200w\" sizes=\"auto, (max-width: 1500px) 100vw, 1500px\" \/><\/p>\n<p style=\"text-align: justify;\" data-start=\"123\" data-end=\"332\">El passat dijous 16 d\u2019abril, els alumnes de 1r d\u2019ESO, dins el projecte FAIG, van sortir de l\u2019aula per donar resposta a una pregunta tan quotidiana com necess\u00e0ria: <em data-start=\"286\" data-end=\"332\">quin \u00e9s el veritable cost d\u2019all\u00f2 que mengem?<\/em><\/p>\n<p style=\"text-align: justify;\" data-start=\"334\" data-end=\"600\">La sortida al Goler\u00f3 (l\u2019Ampolla), acompanyats pels educadors ambientals de l\u2019Ecomuseu del Delta, els va permetre con\u00e8ixer de prop l\u2019ecosistema del Delta de l\u2019Ebre, entendre\u2019n la fragilitat i reflexionar sobre l\u2019impacte real dels nostres h\u00e0bits de consum en l\u2019entorn.<\/p>\n<p data-start=\"334\" data-end=\"600\"><img loading=\"lazy\" decoding=\"async\" class=\"alignnone size-full wp-image-9830\" src=\"https:\/\/agora.xtec.cat\/ietemple\/wp-content\/uploads\/usu352\/2026\/04\/2-4.jpg\" alt=\"\" width=\"1500\" height=\"1129\" srcset=\"https:\/\/agora.xtec.cat\/ietemple\/wp-content\/uploads\/usu352\/2026\/04\/2-4.jpg 1500w, https:\/\/agora.xtec.cat\/ietemple\/wp-content\/uploads\/usu352\/2026\/04\/2-4-300x226.jpg 300w, https:\/\/agora.xtec.cat\/ietemple\/wp-content\/uploads\/usu352\/2026\/04\/2-4-1024x771.jpg 1024w, https:\/\/agora.xtec.cat\/ietemple\/wp-content\/uploads\/usu352\/2026\/04\/2-4-768x578.jpg 768w, https:\/\/agora.xtec.cat\/ietemple\/wp-content\/uploads\/usu352\/2026\/04\/2-4-200x150.jpg 200w\" sizes=\"auto, (max-width: 1500px) 100vw, 1500px\" \/><\/p>\n<p style=\"text-align: justify;\" data-start=\"602\" data-end=\"971\">Treballar per projectes \u00e9s, precisament, aix\u00f2: sortir de les aules per observar el m\u00f3n, fer-nos preguntes de veritat i q\u00fcestionar-nos quin tipus de ciutadans som i quin tipus de societat volem construir. No quedar-nos nom\u00e9s en la teoria o en la reflexi\u00f3, sin\u00f3 activar-nos, comprovar les coses per nosaltres mateixos, buscar respostes i generar accions amb impacte.<\/p>\n<p style=\"text-align: justify;\" data-start=\"973\" data-end=\"1236\">Per aix\u00f2, l\u2019experi\u00e8ncia va culminar amb una acci\u00f3 concreta: una recollida de brossa a l\u2019espai visitat, on l\u2019alumnat va retirar un total de <strong data-start=\"1112\" data-end=\"1135\">135 kg de deixalles<\/strong>. Una xifra que parla per si sola i que evidencia la necessitat urgent de revisar els nostres h\u00e0bits.<\/p>\n<p data-start=\"973\" data-end=\"1236\"><img loading=\"lazy\" decoding=\"async\" class=\"alignnone size-full wp-image-9831\" src=\"https:\/\/agora.xtec.cat\/ietemple\/wp-content\/uploads\/usu352\/2026\/04\/3-3.jpg\" alt=\"\" width=\"1500\" height=\"1129\" srcset=\"https:\/\/agora.xtec.cat\/ietemple\/wp-content\/uploads\/usu352\/2026\/04\/3-3.jpg 1500w, https:\/\/agora.xtec.cat\/ietemple\/wp-content\/uploads\/usu352\/2026\/04\/3-3-300x226.jpg 300w, https:\/\/agora.xtec.cat\/ietemple\/wp-content\/uploads\/usu352\/2026\/04\/3-3-1024x771.jpg 1024w, https:\/\/agora.xtec.cat\/ietemple\/wp-content\/uploads\/usu352\/2026\/04\/3-3-768x578.jpg 768w, https:\/\/agora.xtec.cat\/ietemple\/wp-content\/uploads\/usu352\/2026\/04\/3-3-200x150.jpg 200w\" sizes=\"auto, (max-width: 1500px) 100vw, 1500px\" \/><\/p>\n<p style=\"text-align: justify;\" data-start=\"1238\" data-end=\"1552\">Aquesta sortida ha estat el punt de partida d\u2019un projecte que, de ben segur, els portar\u00e0 a rec\u00f3rrer un cam\u00ed llarg, interessant i necessari. Nosaltres ja tenim moltes ganes de veure\u2019n els resultats i, sobretot, que siguin ells mateixos qui ens expliquin tot all\u00f2 que hauran descobert a la propera Fira de projectes.<\/p>\n<p style=\"text-align: justify;\" data-start=\"1554\" data-end=\"1643\">Aprendre tamb\u00e9 \u00e9s aix\u00f2: mirar el m\u00f3n amb preguntes que ens transformen.<\/p>\n<p data-start=\"1554\" data-end=\"1643\"><img loading=\"lazy\" decoding=\"async\" class=\"alignnone size-full wp-image-9832\" src=\"https:\/\/agora.xtec.cat\/ietemple\/wp-content\/uploads\/usu352\/2026\/04\/4-3.jpg\" alt=\"\" width=\"1500\" height=\"1129\" srcset=\"https:\/\/agora.xtec.cat\/ietemple\/wp-content\/uploads\/usu352\/2026\/04\/4-3.jpg 1500w, https:\/\/agora.xtec.cat\/ietemple\/wp-content\/uploads\/usu352\/2026\/04\/4-3-300x226.jpg 300w, https:\/\/agora.xtec.cat\/ietemple\/wp-content\/uploads\/usu352\/2026\/04\/4-3-1024x771.jpg 1024w, https:\/\/agora.xtec.cat\/ietemple\/wp-content\/uploads\/usu352\/2026\/04\/4-3-768x578.jpg 768w, https:\/\/agora.xtec.cat\/ietemple\/wp-content\/uploads\/usu352\/2026\/04\/4-3-200x150.jpg 200w\" sizes=\"auto, (max-width: 1500px) 100vw, 1500px\" \/><\/p>\n","protected":false},"excerpt":{"rendered":"<p>El passat dijous 16 d\u2019abril, els alumnes de 1r d\u2019ESO, dins el projecte FAIG, van sortir de l\u2019aula per donar resposta a una pregunta tan quotidiana com necess\u00e0ria: quin \u00e9s el veritable cost d\u2019all\u00f2 que mengem?<br \/>\nLa sortida al Goler\u00f3 (l\u2019Ampolla), acompanyats pels educadors ambientals de&hellip;  <a href=\"https:\/\/agora.xtec.cat\/ietemple\/general\/projectes-a-1r-deso-quin-es-el-veritable-cost-dallo-que-menjo\/\" title=\"Read Projectes a 1r d&#8217;ESO | Quin \u00e9s el veritable cost d\u2019all\u00f2 que menjo?\">Llegeix m\u00e9s\u00bb<\/a><\/p>\n","protected":false},"author":1,"featured_media":9829,"comment_status":"open","ping_status":"open","sticky":false,"template":"","format":"standard","meta":{"_bbp_topic_count":0,"_bbp_reply_count":0,"_bbp_total_topic_count":0,"_bbp_total_reply_count":0,"_bbp_voice_count":0,"_bbp_anonymous_reply_count":0,"_bbp_topic_count_hidden":0,"_bbp_reply_count_hidden":0,"_bbp_forum_subforum_count":0,"footnotes":""},"categories":[1,4],"tags":[],"class_list":["post-9828","post","type-post","status-publish","format-standard","has-post-thumbnail","hentry","category-general","category-portada"],"post_mailing_queue_ids":[],"_links":{"self":[{"href":"https:\/\/agora.xtec.cat\/ietemple\/wp-json\/wp\/v2\/posts\/9828","targetHints":{"allow":["GET"]}}],"collection":[{"href":"https:\/\/agora.xtec.cat\/ietemple\/wp-json\/wp\/v2\/posts"}],"about":[{"href":"https:\/\/agora.xtec.cat\/ietemple\/wp-json\/wp\/v2\/types\/post"}],"author":[{"embeddable":true,"href":"https:\/\/agora.xtec.cat\/ietemple\/wp-json\/wp\/v2\/users\/1"}],"replies":[{"embeddable":true,"href":"https:\/\/agora.xtec.cat\/ietemple\/wp-json\/wp\/v2\/comments?post=9828"}],"version-history":[{"count":3,"href":"https:\/\/agora.xtec.cat\/ietemple\/wp-json\/wp\/v2\/posts\/9828\/revisions"}],"predecessor-version":[{"id":9835,"href":"https:\/\/agora.xtec.cat\/ietemple\/wp-json\/wp\/v2\/posts\/9828\/revisions\/9835"}],"wp:featuredmedia":[{"embeddable":true,"href":"https:\/\/agora.xtec.cat\/ietemple\/wp-json\/wp\/v2\/media\/9829"}],"wp:attachment":[{"href":"https:\/\/agora.xtec.cat\/ietemple\/wp-json\/wp\/v2\/media?parent=9828"}],"wp:term":[{"taxonomy":"category","embeddable":true,"href":"https:\/\/agora.xtec.cat\/ietemple\/wp-json\/wp\/v2\/categories?post=9828"},{"taxonomy":"post_tag","embeddable":true,"href":"https:\/\/agora.xtec.cat\/ietemple\/wp-json\/wp\/v2\/tags?post=9828"}],"curies":[{"name":"wp","href":"https:\/\/api.w.org\/{rel}","templated":true}]}}