{"id":9007,"date":"2024-12-20T11:40:41","date_gmt":"2024-12-20T10:40:41","guid":{"rendered":"https:\/\/agora.xtec.cat\/ietemple\/?p=9007"},"modified":"2024-12-20T12:08:27","modified_gmt":"2024-12-20T11:08:27","slug":"concert-i-mercat-solidari","status":"publish","type":"post","link":"https:\/\/agora.xtec.cat\/ietemple\/portada\/concert-i-mercat-solidari\/","title":{"rendered":"Concert i mercat solidari"},"content":{"rendered":"<div class=\"_a9zs\">\n<h2 class=\"_ap3a _aaco _aacu _aacx _aad7 _aade\" dir=\"auto\" style=\"text-align: center;\">JORNADA SOLID\u00c0RIA<\/h2>\n<h5 class=\"_ap3a _aaco _aacu _aacx _aad7 _aade\" dir=\"auto\" style=\"text-align: center;\"><iframe loading=\"lazy\" src=\"\/\/www.youtube.com\/embed\/Dojn9XwBkZU\" width=\"560\" height=\"314\" allowfullscreen=\"allowfullscreen\"><\/iframe><\/h5>\n<\/div>\n<p style=\"text-align: justify;\">El passat 18 de desembre, els alumnes de <strong><em>Combo musical<\/em><\/strong> i <strong><em>Arts esc\u00e8niques<\/em><\/strong> de la <em>comunitat de joves<\/em> i tots els infants de la <em>comunitat de mitjans<\/em> ens van oferir un gran espectacle en viu. M\u00fasica en directe, dansa i cant. Creativitat art\u00edstica, coordinaci\u00f3 i la confian\u00e7a esc\u00e8nica.<\/p>\n<p style=\"text-align: justify;\">Els infants de la <em>comunitat de grans<\/em> van crear amb la nostra maquin\u00e0ria del <em>FaigLab<\/em> i amb les seves pr\u00f2pies mans una gran varietat d&#8217;artesanies nadalenques. Els productes es van posar a la venda amb l\u2019objectiu de recaptar fons solidaris per a col\u00b7laborar amb la Marat\u00f3 del 3cat. Empatia, responsabilitat social i treball en equip.<\/p>\n<p>Els m\u00e9s <em>petits<\/em> de l&#8217;institut escola van estar treballant en un gran mural que decorava i donava la benvinguda a l&#8217;acte.<\/p>\n<div class=\"x9f619 xjbqb8w x78zum5 x168nmei x13lgxp2 x5pf9jr xo71vjh x1xmf6yo x12nagc x1n2onr6 x1plvlek xryxfnj x1c4vz4f x2lah0s xdt5ytf xqjyukv x1qjc9v5 x1oa3qoh x1nhvcw1\">\n<h5 class=\"_ap3a _aaco _aacu _aacx _aad7 _aade\" dir=\"auto\" style=\"text-align: justify;\">Tanquem aix\u00ed el trimestre, amb un projecte transversal, col\u00b7laboratiu i fet a m\u00e0. Un projecte que ha servit per implicar tota la comunitat educativa, potenciant habilitats com la cooperaci\u00f3 entre edats, la creativitat i el comprom\u00eds social.<\/h5>\n<\/div>\n","protected":false},"excerpt":{"rendered":"<p>JORNADA SOLID\u00c0RIA<\/p>\n<p>El passat 18 de desembre, els alumnes de Combo musical i Arts esc\u00e8niques de la comunitat de joves i tots els infants de la comunitat de mitjans ens van oferir un gran espectacle en viu. M\u00fasica en directe, dansa i cant. Creativitat art\u00edstica, coordinaci\u00f3&hellip;  <a href=\"https:\/\/agora.xtec.cat\/ietemple\/portada\/concert-i-mercat-solidari\/\" title=\"Read Concert i mercat solidari\">Llegeix m\u00e9s\u00bb<\/a><\/p>\n","protected":false},"author":1,"featured_media":9008,"comment_status":"open","ping_status":"closed","sticky":false,"template":"","format":"standard","meta":{"_bbp_topic_count":0,"_bbp_reply_count":0,"_bbp_total_topic_count":0,"_bbp_total_reply_count":0,"_bbp_voice_count":0,"_bbp_anonymous_reply_count":0,"_bbp_topic_count_hidden":0,"_bbp_reply_count_hidden":0,"_bbp_forum_subforum_count":0,"footnotes":""},"categories":[4],"tags":[],"class_list":["post-9007","post","type-post","status-publish","format-standard","has-post-thumbnail","hentry","category-portada"],"post_mailing_queue_ids":[],"_links":{"self":[{"href":"https:\/\/agora.xtec.cat\/ietemple\/wp-json\/wp\/v2\/posts\/9007","targetHints":{"allow":["GET"]}}],"collection":[{"href":"https:\/\/agora.xtec.cat\/ietemple\/wp-json\/wp\/v2\/posts"}],"about":[{"href":"https:\/\/agora.xtec.cat\/ietemple\/wp-json\/wp\/v2\/types\/post"}],"author":[{"embeddable":true,"href":"https:\/\/agora.xtec.cat\/ietemple\/wp-json\/wp\/v2\/users\/1"}],"replies":[{"embeddable":true,"href":"https:\/\/agora.xtec.cat\/ietemple\/wp-json\/wp\/v2\/comments?post=9007"}],"version-history":[{"count":2,"href":"https:\/\/agora.xtec.cat\/ietemple\/wp-json\/wp\/v2\/posts\/9007\/revisions"}],"predecessor-version":[{"id":9010,"href":"https:\/\/agora.xtec.cat\/ietemple\/wp-json\/wp\/v2\/posts\/9007\/revisions\/9010"}],"wp:featuredmedia":[{"embeddable":true,"href":"https:\/\/agora.xtec.cat\/ietemple\/wp-json\/wp\/v2\/media\/9008"}],"wp:attachment":[{"href":"https:\/\/agora.xtec.cat\/ietemple\/wp-json\/wp\/v2\/media?parent=9007"}],"wp:term":[{"taxonomy":"category","embeddable":true,"href":"https:\/\/agora.xtec.cat\/ietemple\/wp-json\/wp\/v2\/categories?post=9007"},{"taxonomy":"post_tag","embeddable":true,"href":"https:\/\/agora.xtec.cat\/ietemple\/wp-json\/wp\/v2\/tags?post=9007"}],"curies":[{"name":"wp","href":"https:\/\/api.w.org\/{rel}","templated":true}]}}