{"id":8884,"date":"2024-09-09T21:01:47","date_gmt":"2024-09-09T19:01:47","guid":{"rendered":"https:\/\/agora.xtec.cat\/ietemple\/?p=8884"},"modified":"2024-09-09T21:17:05","modified_gmt":"2024-09-09T19:17:05","slug":"unics-i-irrepetibles","status":"publish","type":"post","link":"https:\/\/agora.xtec.cat\/ietemple\/general\/unics-i-irrepetibles\/","title":{"rendered":"\u00danics i irrepetibles"},"content":{"rendered":"<p><span style=\"font-weight: 400;\"><i>Som \u00e9ssers emocionals que aprenem a pensar, no m\u00e0quines pensants que aprenem a sentir (S.Bachrach)<\/i>. Per aix\u00f2, \u00e9s b\u00e0sic formular-nos tres preguntes: Com ens sentim amb nosaltres mateixos? Com se senten els altres amb nosaltres? Quina petjada els deixem? A vegades, la persona emocionalment bloquejada est\u00e0 intel\u00b7lectualment anul\u00b7lada. Per aix\u00f2 l\u2019escola ha de ser un lloc que ens convidi sempre a veure-hi m\u00e9s enll\u00e0, connectant, legitimant, transitant per les emocions pr\u00f2pies i alienes, per aconseguir comprendre-les i transformar-les amb sentit.<\/span><\/p>\n<p><span style=\"font-weight: 400;\">Avui, a les rotllanes, assemblees, pati\u2026 ressonen les descobertes de tot un estiu. L\u2019alegria de retrobar-nos, la vergonya, les ganes, la temor, la inseguretat, l\u2019euf\u00f2ria\u2026 Petits moments d\u2019escola, \u00fanics i irrepetibles. Com \u00fanics i irrepetibles s\u00f3n cadascun dels cursos que encetem, perqu\u00e8 els nostres infants i joves nom\u00e9s tindran un cop aquesta edat i es mereixen una comunitat educativa que doni valor a l\u2019escola, que \u00e9s la seva i la de tots, i l\u2019estan vivint avui, aqu\u00ed i ara.<\/span><\/p>\n<p>Comencem!<\/p>\n<p><a href=\"https:\/\/www.instagram.com\/reel\/C_sn-bINud8\/?utm_source=ig_web_copy_link&amp;igsh=MzRlODBiNWFlZA==\">https:\/\/www.instagram.com\/reel\/C_sn-bINud8\/?utm_source=ig_web_copy_link&amp;igsh=MzRlODBiNWFlZA==<\/a><\/p>\n<p><img loading=\"lazy\" decoding=\"async\" class=\"alignnone size-full wp-image-8898\" src=\"https:\/\/agora.xtec.cat\/ietemple\/wp-content\/uploads\/usu352\/2024\/09\/capcalera-web-3.png\" alt=\"\" width=\"1920\" height=\"480\" \/><br style=\"font-weight: 400;\" \/><br style=\"font-weight: 400;\" \/><\/p>\n","protected":false},"excerpt":{"rendered":"<p>Som \u00e9ssers emocionals que aprenem a pensar, no m\u00e0quines pensants que aprenem a sentir (S.Bachrach). Per aix\u00f2, \u00e9s b\u00e0sic formular-nos tres preguntes: Com ens sentim amb nosaltres mateixos? Com se senten els altres amb nosaltres? Quina petjada els deixem? A vegades, la persona emocionalment bloquejada&hellip;  <a href=\"https:\/\/agora.xtec.cat\/ietemple\/general\/unics-i-irrepetibles\/\" title=\"Read \u00danics i irrepetibles\">Llegeix m\u00e9s\u00bb<\/a><\/p>\n","protected":false},"author":1,"featured_media":8898,"comment_status":"open","ping_status":"closed","sticky":false,"template":"","format":"standard","meta":{"_bbp_topic_count":0,"_bbp_reply_count":0,"_bbp_total_topic_count":0,"_bbp_total_reply_count":0,"_bbp_voice_count":0,"_bbp_anonymous_reply_count":0,"_bbp_topic_count_hidden":0,"_bbp_reply_count_hidden":0,"_bbp_forum_subforum_count":0,"footnotes":""},"categories":[1,4],"tags":[],"class_list":["post-8884","post","type-post","status-publish","format-standard","has-post-thumbnail","hentry","category-general","category-portada"],"post_mailing_queue_ids":[],"_links":{"self":[{"href":"https:\/\/agora.xtec.cat\/ietemple\/wp-json\/wp\/v2\/posts\/8884","targetHints":{"allow":["GET"]}}],"collection":[{"href":"https:\/\/agora.xtec.cat\/ietemple\/wp-json\/wp\/v2\/posts"}],"about":[{"href":"https:\/\/agora.xtec.cat\/ietemple\/wp-json\/wp\/v2\/types\/post"}],"author":[{"embeddable":true,"href":"https:\/\/agora.xtec.cat\/ietemple\/wp-json\/wp\/v2\/users\/1"}],"replies":[{"embeddable":true,"href":"https:\/\/agora.xtec.cat\/ietemple\/wp-json\/wp\/v2\/comments?post=8884"}],"version-history":[{"count":6,"href":"https:\/\/agora.xtec.cat\/ietemple\/wp-json\/wp\/v2\/posts\/8884\/revisions"}],"predecessor-version":[{"id":8899,"href":"https:\/\/agora.xtec.cat\/ietemple\/wp-json\/wp\/v2\/posts\/8884\/revisions\/8899"}],"wp:featuredmedia":[{"embeddable":true,"href":"https:\/\/agora.xtec.cat\/ietemple\/wp-json\/wp\/v2\/media\/8898"}],"wp:attachment":[{"href":"https:\/\/agora.xtec.cat\/ietemple\/wp-json\/wp\/v2\/media?parent=8884"}],"wp:term":[{"taxonomy":"category","embeddable":true,"href":"https:\/\/agora.xtec.cat\/ietemple\/wp-json\/wp\/v2\/categories?post=8884"},{"taxonomy":"post_tag","embeddable":true,"href":"https:\/\/agora.xtec.cat\/ietemple\/wp-json\/wp\/v2\/tags?post=8884"}],"curies":[{"name":"wp","href":"https:\/\/api.w.org\/{rel}","templated":true}]}}