{"id":8738,"date":"2024-01-29T12:59:28","date_gmt":"2024-01-29T11:59:28","guid":{"rendered":"https:\/\/agora.xtec.cat\/ietemple\/?p=8738"},"modified":"2024-01-29T13:07:44","modified_gmt":"2024-01-29T12:07:44","slug":"visita-a-radio-ebre","status":"publish","type":"post","link":"https:\/\/agora.xtec.cat\/ietemple\/portada\/visita-a-radio-ebre\/","title":{"rendered":"Visita a RADIO EBRE"},"content":{"rendered":"<p><span style=\"font-weight: 400;\">El passat dilluns 8 de gener els xiquets de l&#8217;optativa podcast de l&#8217;Institut Escola El Temple van visitar els estudis de R\u00e0dio Ebre per poder avan\u00e7ar el seu projecte de l&#8217;optativa.\u00a0 S\u00edlvia Tejedor va ser la seva guia i els va explicar en una presentaci\u00f3 els temes de r\u00e0dio, i va deixar que els alumnes provessin els micr\u00f2fons i l&#8217;estudi.<\/span><\/p>\n<p><span style=\"font-weight: 400;\">L\u2019experi\u00e8ncia va ser super interessant perqu\u00e8 Silvia, que treballa a aquella r\u00e0dio des de fa molts anys,\u00a0 explicava b\u00e9\u00a0 i tamb\u00e9 els ensenyava les sales\u00a0 que tenia aquell edifici. En\u00a0 general va ser\u00a0 una bona experi\u00e8ncia ja que el que van veure va ser molt divertit i\u00a0 van poder\u00a0 utilitzar els micros. Se sentia tot b\u00e9, cada soroll que feien se sentia quan respir\u00e0vem. Van poder comprovar com n&#8217;\u00e9s d\u2019important el so a la r\u00e0dio.<\/span><\/p>\n<p><span style=\"font-weight: 400;\">Alguna de les coses que van aprendre va ser que el dia 13 de febrer la r\u00e0dio Catalunya fa cent anys, la r\u00e0dio Ebre emet 3 r\u00e0dios els 40 principales, cadena dial i cadena ser. Tamb\u00e9 van aprendre que si participes en alguna r\u00e0dio has de fer aix\u00f2 si vols fer-ho b\u00e9: vocalitzar i fer ritmes i pauses. I finalment que les r\u00e0dios encara que no ho creguis tamb\u00e9 eduquen.<\/span><\/p>\n<p><iframe src=\"https:\/\/www.ivoox.com\/player_ej_123352682_6_1.html?c1=4e9647\" width=\"100%\" height=\"200\" frameborder=\"0\" allowfullscreen=\"\" scrolling=\"no\" loading=\"lazy\"><\/iframe>&nbsp;<\/p>\n<p><span style=\"font-weight: 400;\">L\u2019estudi de r\u00e0dio\u00a0 era molt bonic i nom\u00e9s entrar es van trobar a la S\u00edlvia que els hi va donar la benvinguda. L\u2019entrada era bastant amplia on podien cabre un munt de gent. Despr\u00e9s van entrar a una petita oficina on hi van trobar un munt de folis i informaci\u00f3 de la r\u00e0dio en ordinadors i tel\u00e8fons, la redacci\u00f3. Posteriorment van passar a la sala de gravaci\u00f3 on hi ha 5 micr\u00f2fons per poder entrevistar a personatges d\u2019actualitat. Per l\u2019altra banda van poder veure l\u2019estudi d&#8217;edici\u00f3, on estava l&#8217;ordinador per poder editar les entrevistes.<\/span><\/p>\n<p><span style=\"font-weight: 400;\">La visita ha estat molt profitosa per poder seguir amb el treball de l\u2019optativa i els nois i noies van agafar idees per comen\u00e7ar a preparar un programa de r\u00e0dio a l\u2019institut. Agra\u00efm molt a Silvia Tejedor que ens hagi\u00a0 obert novament les portes de la r\u00e0dio, i que ens hagi ofert la possibilitat d\u2019enregistrar una part del nostre treball als seus estudis. Tornaran aviat!<\/span><\/p>\n<p><img loading=\"lazy\" decoding=\"async\" class=\"alignnone size-full wp-image-8740\" src=\"https:\/\/agora.xtec.cat\/ietemple\/wp-content\/uploads\/usu352\/2024\/01\/IMG_7242-1-scaled.jpg\" alt=\"\" width=\"2560\" height=\"1920\" srcset=\"https:\/\/agora.xtec.cat\/ietemple\/wp-content\/uploads\/usu352\/2024\/01\/IMG_7242-1-scaled.jpg 2560w, https:\/\/agora.xtec.cat\/ietemple\/wp-content\/uploads\/usu352\/2024\/01\/IMG_7242-1-300x225.jpg 300w, https:\/\/agora.xtec.cat\/ietemple\/wp-content\/uploads\/usu352\/2024\/01\/IMG_7242-1-1024x768.jpg 1024w, https:\/\/agora.xtec.cat\/ietemple\/wp-content\/uploads\/usu352\/2024\/01\/IMG_7242-1-768x576.jpg 768w, https:\/\/agora.xtec.cat\/ietemple\/wp-content\/uploads\/usu352\/2024\/01\/IMG_7242-1-1536x1152.jpg 1536w, https:\/\/agora.xtec.cat\/ietemple\/wp-content\/uploads\/usu352\/2024\/01\/IMG_7242-1-2048x1536.jpg 2048w, https:\/\/agora.xtec.cat\/ietemple\/wp-content\/uploads\/usu352\/2024\/01\/IMG_7242-1-200x150.jpg 200w\" sizes=\"auto, (max-width: 2560px) 100vw, 2560px\" \/><\/p>\n","protected":false},"excerpt":{"rendered":"<p>El passat dilluns 8 de gener els xiquets de l&#8217;optativa podcast de l&#8217;Institut Escola El Temple van visitar els estudis de R\u00e0dio Ebre per poder avan\u00e7ar el seu projecte de l&#8217;optativa.\u00a0 S\u00edlvia Tejedor va ser la seva guia i els va explicar en una presentaci\u00f3&hellip;  <a href=\"https:\/\/agora.xtec.cat\/ietemple\/portada\/visita-a-radio-ebre\/\" title=\"Read Visita a RADIO EBRE\">Llegeix m\u00e9s\u00bb<\/a><\/p>\n","protected":false},"author":1,"featured_media":8740,"comment_status":"open","ping_status":"closed","sticky":false,"template":"","format":"standard","meta":{"_bbp_topic_count":0,"_bbp_reply_count":0,"_bbp_total_topic_count":0,"_bbp_total_reply_count":0,"_bbp_voice_count":0,"_bbp_anonymous_reply_count":0,"_bbp_topic_count_hidden":0,"_bbp_reply_count_hidden":0,"_bbp_forum_subforum_count":0,"footnotes":""},"categories":[127,114,4,115],"tags":[],"class_list":["post-8738","post","type-post","status-publish","format-standard","has-post-thumbnail","hentry","category-2n-eso","category-joves","category-portada","category-secundaria"],"post_mailing_queue_ids":[],"_links":{"self":[{"href":"https:\/\/agora.xtec.cat\/ietemple\/wp-json\/wp\/v2\/posts\/8738","targetHints":{"allow":["GET"]}}],"collection":[{"href":"https:\/\/agora.xtec.cat\/ietemple\/wp-json\/wp\/v2\/posts"}],"about":[{"href":"https:\/\/agora.xtec.cat\/ietemple\/wp-json\/wp\/v2\/types\/post"}],"author":[{"embeddable":true,"href":"https:\/\/agora.xtec.cat\/ietemple\/wp-json\/wp\/v2\/users\/1"}],"replies":[{"embeddable":true,"href":"https:\/\/agora.xtec.cat\/ietemple\/wp-json\/wp\/v2\/comments?post=8738"}],"version-history":[{"count":2,"href":"https:\/\/agora.xtec.cat\/ietemple\/wp-json\/wp\/v2\/posts\/8738\/revisions"}],"predecessor-version":[{"id":8742,"href":"https:\/\/agora.xtec.cat\/ietemple\/wp-json\/wp\/v2\/posts\/8738\/revisions\/8742"}],"wp:featuredmedia":[{"embeddable":true,"href":"https:\/\/agora.xtec.cat\/ietemple\/wp-json\/wp\/v2\/media\/8740"}],"wp:attachment":[{"href":"https:\/\/agora.xtec.cat\/ietemple\/wp-json\/wp\/v2\/media?parent=8738"}],"wp:term":[{"taxonomy":"category","embeddable":true,"href":"https:\/\/agora.xtec.cat\/ietemple\/wp-json\/wp\/v2\/categories?post=8738"},{"taxonomy":"post_tag","embeddable":true,"href":"https:\/\/agora.xtec.cat\/ietemple\/wp-json\/wp\/v2\/tags?post=8738"}],"curies":[{"name":"wp","href":"https:\/\/api.w.org\/{rel}","templated":true}]}}