{"id":8725,"date":"2023-10-23T21:14:44","date_gmt":"2023-10-23T19:14:44","guid":{"rendered":"https:\/\/agora.xtec.cat\/ietemple\/?p=8725"},"modified":"2023-10-23T22:32:42","modified_gmt":"2023-10-23T20:32:42","slug":"codeweek","status":"publish","type":"post","link":"https:\/\/agora.xtec.cat\/ietemple\/petits\/codeweek\/","title":{"rendered":"Arriba la Codeweek"},"content":{"rendered":"<p style=\"text-align: justify;\">Del\u00a07 al 22 d\u2019octubre se celebra la\u00a0CodeWeek, o Setmana de la Programaci\u00f3 de la UE, un esdeveniment anual amb l&#8217;objectiu d&#8217;apropar la programaci\u00f3 i l&#8217;alfabetisme digital de manera divertida i interessant a tothom. Aquesta iniciativa, impulsada per la Uni\u00f3 Europea i altres organitzacions, promou l\u2019aprenentatge de la programaci\u00f3 com a eina clau per afrontar els reptes del segle XXI.<\/p>\n<p style=\"text-align: justify;\">Aprendre a programar ens ajuda a donar sentit al m\u00f3n en canvi constant que ens envolta, a con\u00e8ixer millor com funciona la tecnologia i a desenvolupar capacitats i compet\u00e8ncies que ens permetin explorar idees noves i innovar.<\/p>\n<p style=\"text-align: justify;\">Aix\u00ed dons al nostre centre, hem realitzat diverses propostes des de petits fins a joves per tal de treballar la programaci\u00f3 i l\u2019orientaci\u00f3 espacial.<\/p>\n<p style=\"text-align: justify;\">Els alumnes de la comunitat de Petits, han rebut la visita d\u2019un superheroi i una superhero\u00efna que necessitaven ser guiats amb fletxes per despla\u00e7ar-se per un tauler gegant. A la comunitat de Mitjans, han estat treballant el llenguatge b\u00e0sic de programaci\u00f3 a trav\u00e9s de jocs a diferents racons de matem\u00e0tiques. Els grans han fet un tast d\u2019Scratch fent \u00fas del llenguatge de programaci\u00f3 que presenta, dissenyant animacions i jocs de manera creativa i divertida. I finalment Joves, des de l&#8217;\u00e0mbit STEM, han apr\u00e8s a programar a trav\u00e9s de la web Hourofcode.<\/p>\n<p style=\"text-align: justify;\">Esperem que gaudiu amb aquest v\u00eddeo que recopila les diferents propostes que s&#8217;han portat a terme al llarg de la setmana!<\/p>\n<p><iframe loading=\"lazy\" title=\"Codeweek\" width=\"500\" height=\"281\" src=\"https:\/\/www.youtube.com\/embed\/l2usOch4c8A?feature=oembed\" frameborder=\"0\" allow=\"accelerometer; autoplay; clipboard-write; encrypted-media; gyroscope; picture-in-picture; web-share\" referrerpolicy=\"strict-origin-when-cross-origin\" allowfullscreen><\/iframe><\/p>\n","protected":false},"excerpt":{"rendered":"<p>Del\u00a07 al 22 d\u2019octubre se celebra la\u00a0CodeWeek, o Setmana de la Programaci\u00f3 de la UE, un esdeveniment anual amb l&#8217;objectiu d&#8217;apropar la programaci\u00f3 i l&#8217;alfabetisme digital de manera divertida i interessant a tothom. Aquesta iniciativa, impulsada per la Uni\u00f3 Europea i altres organitzacions, promou l\u2019aprenentatge&hellip;  <a href=\"https:\/\/agora.xtec.cat\/ietemple\/petits\/codeweek\/\" title=\"Read Arriba la Codeweek\">Llegeix m\u00e9s\u00bb<\/a><\/p>\n","protected":false},"author":14,"featured_media":8726,"comment_status":"open","ping_status":"closed","sticky":false,"template":"","format":"standard","meta":{"_bbp_topic_count":0,"_bbp_reply_count":0,"_bbp_total_topic_count":0,"_bbp_total_reply_count":0,"_bbp_voice_count":0,"_bbp_anonymous_reply_count":0,"_bbp_topic_count_hidden":0,"_bbp_reply_count_hidden":0,"_bbp_forum_subforum_count":0,"footnotes":""},"categories":[116,127,129,136,14,54,114,52,3,8,9,2,4,10,13,115,11,15,12],"tags":[],"class_list":["post-8725","post","type-post","status-publish","format-standard","has-post-thumbnail","hentry","category-1r-eso","category-2n-eso","category-3r-eso","category-4t-eso-joves","category-5e","category-grans","category-joves","category-mitjans","category-p3","category-p4","category-p5","category-petits","category-portada","category-1r","category-4t","category-secundaria","category-2n","category-6e","category-3r"],"post_mailing_queue_ids":[],"_links":{"self":[{"href":"https:\/\/agora.xtec.cat\/ietemple\/wp-json\/wp\/v2\/posts\/8725","targetHints":{"allow":["GET"]}}],"collection":[{"href":"https:\/\/agora.xtec.cat\/ietemple\/wp-json\/wp\/v2\/posts"}],"about":[{"href":"https:\/\/agora.xtec.cat\/ietemple\/wp-json\/wp\/v2\/types\/post"}],"author":[{"embeddable":true,"href":"https:\/\/agora.xtec.cat\/ietemple\/wp-json\/wp\/v2\/users\/14"}],"replies":[{"embeddable":true,"href":"https:\/\/agora.xtec.cat\/ietemple\/wp-json\/wp\/v2\/comments?post=8725"}],"version-history":[{"count":3,"href":"https:\/\/agora.xtec.cat\/ietemple\/wp-json\/wp\/v2\/posts\/8725\/revisions"}],"predecessor-version":[{"id":8729,"href":"https:\/\/agora.xtec.cat\/ietemple\/wp-json\/wp\/v2\/posts\/8725\/revisions\/8729"}],"wp:featuredmedia":[{"embeddable":true,"href":"https:\/\/agora.xtec.cat\/ietemple\/wp-json\/wp\/v2\/media\/8726"}],"wp:attachment":[{"href":"https:\/\/agora.xtec.cat\/ietemple\/wp-json\/wp\/v2\/media?parent=8725"}],"wp:term":[{"taxonomy":"category","embeddable":true,"href":"https:\/\/agora.xtec.cat\/ietemple\/wp-json\/wp\/v2\/categories?post=8725"},{"taxonomy":"post_tag","embeddable":true,"href":"https:\/\/agora.xtec.cat\/ietemple\/wp-json\/wp\/v2\/tags?post=8725"}],"curies":[{"name":"wp","href":"https:\/\/api.w.org\/{rel}","templated":true}]}}