{"id":8246,"date":"2021-11-10T19:45:16","date_gmt":"2021-11-10T18:45:16","guid":{"rendered":"https:\/\/agora.xtec.cat\/ietemple\/?p=8246"},"modified":"2021-11-10T19:49:38","modified_gmt":"2021-11-10T18:49:38","slug":"volcans","status":"publish","type":"post","link":"https:\/\/agora.xtec.cat\/ietemple\/general\/volcans\/","title":{"rendered":"Tenim un volc\u00e0&#8230;"},"content":{"rendered":"<p style=\"text-align: justify;\">Ja fa molts dies de l&#8217;erupci\u00f3 del volc\u00e0 de La Palma i durant aquestes setmanes la curiositat de grans i petits s&#8217;ha desfermat. Des dels diferents grups s&#8217;ha donat resposta de forma molt diversa a aquesta necessitat de con\u00e8ixer el que estar passant, aprofitant la possibilitat de connectar coneixements tan reals amb els aprenentatges curriculars. A banda, tamb\u00e9 ens ha perm\u00e8s connectar aquesta curiositat amb la solidaritat tan necess\u00e0ria en una situaci\u00f3 com la que s&#8217;est\u00e0 vivint a l&#8217;illa can\u00e0ria.<\/p>\n<p>D&#8217;entre el gran nombre de propostes did\u00e0ctiques desenvolupades, en volem destacar especialment la que han fet els petits de P5, amb projectes d&#8217;investigaci\u00f3 molt interessants que han implicat a bona part de la comunitat educativa i que han concl\u00f2s amb propostes i aprenentatges molt potents.<\/p>\n<p>Una de les propostes la van dur a terme les docents en pr\u00e0ctiques de p5. A partir del conte \ud83d\udcd6 &#8220;Tinc un volc\u00e0&#8221; de M\u00edriam Tirado i Joan Turu, es van treballar espectes emocionals molt trascendents. Aquest conte va permetre continuar parlant de la problem\u00e0tica que hi ha amb el volc\u00e0 de La Palma i a la vegada parlar sobre com gestionar l\u2019emoci\u00f3 de la r\u00e0bia mitjan\u00e7ant la respiraci\u00f3 \ud83e\uddd8.<\/p>\n<p><iframe loading=\"lazy\" title=\"Tinc un volc\u00e0\" width=\"500\" height=\"281\" src=\"https:\/\/www.youtube.com\/embed\/mn2cIhly1Gc?feature=oembed\" frameborder=\"0\" allow=\"accelerometer; autoplay; clipboard-write; encrypted-media; gyroscope; picture-in-picture; web-share\" referrerpolicy=\"strict-origin-when-cross-origin\" allowfullscreen><\/iframe><\/p>\n<p>Tot el proc\u00e8s de treball i investigaci\u00f3 ha portat als infants a experimentar, cercar informaci\u00f3, descobrir, connectar coneixements i, sobretot, construir aprenentatge d&#8217;una manera viva i activa coneectada amb la realitat i amb la participaci\u00f3 de les fam\u00edlies. Aqu\u00ed teniu el resum documentat que recull les evid\u00e8ncies enviades a les fam\u00edlies de P5 per compartir a casa tots els aprenentatges i participar en el proc\u00e8s d&#8217;avaluaci\u00f3 dels objectius assolits.<\/p>\n<p>&nbsp;<\/p>\n<p><img loading=\"lazy\" decoding=\"async\" class=\"alignleft wp-image-8252\" src=\"https:\/\/agora.xtec.cat\/ietemple\/wp-content\/uploads\/usu352\/2021\/11\/Volca1-225x300.jpg\" alt=\"\" width=\"350\" height=\"467\" srcset=\"https:\/\/agora.xtec.cat\/ietemple\/wp-content\/uploads\/usu352\/2021\/11\/Volca1-225x300.jpg 225w, https:\/\/agora.xtec.cat\/ietemple\/wp-content\/uploads\/usu352\/2021\/11\/Volca1.jpg 565w\" sizes=\"auto, (max-width: 350px) 100vw, 350px\" \/><\/p>\n<p>&nbsp;<\/p>\n<p><img loading=\"lazy\" decoding=\"async\" class=\"alignleft size-medium wp-image-8250\" src=\"https:\/\/agora.xtec.cat\/ietemple\/wp-content\/uploads\/usu352\/2021\/11\/volca-parts-300x200.jpg\" alt=\"\" width=\"300\" height=\"200\" srcset=\"https:\/\/agora.xtec.cat\/ietemple\/wp-content\/uploads\/usu352\/2021\/11\/volca-parts-300x200.jpg 300w, https:\/\/agora.xtec.cat\/ietemple\/wp-content\/uploads\/usu352\/2021\/11\/volca-parts.jpg 589w\" sizes=\"auto, (max-width: 300px) 100vw, 300px\" \/><\/p>\n<p><img loading=\"lazy\" decoding=\"async\" class=\"alignleft size-medium wp-image-8249\" src=\"https:\/\/agora.xtec.cat\/ietemple\/wp-content\/uploads\/usu352\/2021\/11\/volca-experiments-300x267.jpg\" alt=\"\" width=\"300\" height=\"267\" srcset=\"https:\/\/agora.xtec.cat\/ietemple\/wp-content\/uploads\/usu352\/2021\/11\/volca-experiments-300x267.jpg 300w, https:\/\/agora.xtec.cat\/ietemple\/wp-content\/uploads\/usu352\/2021\/11\/volca-experiments.jpg 520w\" sizes=\"auto, (max-width: 300px) 100vw, 300px\" \/><\/p>\n<p><img loading=\"lazy\" decoding=\"async\" class=\"alignleft size-medium wp-image-8248\" src=\"https:\/\/agora.xtec.cat\/ietemple\/wp-content\/uploads\/usu352\/2021\/11\/volca-conte-300x171.jpg\" alt=\"\" width=\"300\" height=\"171\" srcset=\"https:\/\/agora.xtec.cat\/ietemple\/wp-content\/uploads\/usu352\/2021\/11\/volca-conte-300x171.jpg 300w, https:\/\/agora.xtec.cat\/ietemple\/wp-content\/uploads\/usu352\/2021\/11\/volca-conte.jpg 551w\" sizes=\"auto, (max-width: 300px) 100vw, 300px\" \/><img loading=\"lazy\" decoding=\"async\" class=\"alignleft size-medium wp-image-8251\" src=\"https:\/\/agora.xtec.cat\/ietemple\/wp-content\/uploads\/usu352\/2021\/11\/volca-pintem-300x159.jpg\" alt=\"\" width=\"300\" height=\"159\" srcset=\"https:\/\/agora.xtec.cat\/ietemple\/wp-content\/uploads\/usu352\/2021\/11\/volca-pintem-300x159.jpg 300w, https:\/\/agora.xtec.cat\/ietemple\/wp-content\/uploads\/usu352\/2021\/11\/volca-pintem.jpg 521w\" sizes=\"auto, (max-width: 300px) 100vw, 300px\" \/><img loading=\"lazy\" decoding=\"async\" class=\"size-medium wp-image-8253 aligncenter\" src=\"https:\/\/agora.xtec.cat\/ietemple\/wp-content\/uploads\/usu352\/2021\/11\/Volca2-300x195.jpg\" alt=\"\" width=\"300\" height=\"195\" srcset=\"https:\/\/agora.xtec.cat\/ietemple\/wp-content\/uploads\/usu352\/2021\/11\/Volca2-300x195.jpg 300w, https:\/\/agora.xtec.cat\/ietemple\/wp-content\/uploads\/usu352\/2021\/11\/Volca2.jpg 569w\" sizes=\"auto, (max-width: 300px) 100vw, 300px\" \/><\/p>\n","protected":false},"excerpt":{"rendered":"<p>Ja fa molts dies de l&#8217;erupci\u00f3 del volc\u00e0 de La Palma i durant aquestes setmanes la curiositat de grans i petits s&#8217;ha desfermat. Des dels diferents grups s&#8217;ha donat resposta de forma molt diversa a aquesta necessitat de con\u00e8ixer el que estar passant, aprofitant la&hellip;  <a href=\"https:\/\/agora.xtec.cat\/ietemple\/general\/volcans\/\" title=\"Read Tenim un volc\u00e0&#8230;\">Llegeix m\u00e9s\u00bb<\/a><\/p>\n","protected":false},"author":1,"featured_media":8248,"comment_status":"open","ping_status":"closed","sticky":false,"template":"","format":"standard","meta":{"_bbp_topic_count":0,"_bbp_reply_count":0,"_bbp_total_topic_count":0,"_bbp_total_reply_count":0,"_bbp_voice_count":0,"_bbp_anonymous_reply_count":0,"_bbp_topic_count_hidden":0,"_bbp_reply_count_hidden":0,"_bbp_forum_subforum_count":0,"footnotes":""},"categories":[1,4],"tags":[],"class_list":["post-8246","post","type-post","status-publish","format-standard","has-post-thumbnail","hentry","category-general","category-portada"],"post_mailing_queue_ids":[],"_links":{"self":[{"href":"https:\/\/agora.xtec.cat\/ietemple\/wp-json\/wp\/v2\/posts\/8246","targetHints":{"allow":["GET"]}}],"collection":[{"href":"https:\/\/agora.xtec.cat\/ietemple\/wp-json\/wp\/v2\/posts"}],"about":[{"href":"https:\/\/agora.xtec.cat\/ietemple\/wp-json\/wp\/v2\/types\/post"}],"author":[{"embeddable":true,"href":"https:\/\/agora.xtec.cat\/ietemple\/wp-json\/wp\/v2\/users\/1"}],"replies":[{"embeddable":true,"href":"https:\/\/agora.xtec.cat\/ietemple\/wp-json\/wp\/v2\/comments?post=8246"}],"version-history":[{"count":3,"href":"https:\/\/agora.xtec.cat\/ietemple\/wp-json\/wp\/v2\/posts\/8246\/revisions"}],"predecessor-version":[{"id":8255,"href":"https:\/\/agora.xtec.cat\/ietemple\/wp-json\/wp\/v2\/posts\/8246\/revisions\/8255"}],"wp:featuredmedia":[{"embeddable":true,"href":"https:\/\/agora.xtec.cat\/ietemple\/wp-json\/wp\/v2\/media\/8248"}],"wp:attachment":[{"href":"https:\/\/agora.xtec.cat\/ietemple\/wp-json\/wp\/v2\/media?parent=8246"}],"wp:term":[{"taxonomy":"category","embeddable":true,"href":"https:\/\/agora.xtec.cat\/ietemple\/wp-json\/wp\/v2\/categories?post=8246"},{"taxonomy":"post_tag","embeddable":true,"href":"https:\/\/agora.xtec.cat\/ietemple\/wp-json\/wp\/v2\/tags?post=8246"}],"curies":[{"name":"wp","href":"https:\/\/api.w.org\/{rel}","templated":true}]}}