{"id":8067,"date":"2021-02-08T22:36:34","date_gmt":"2021-02-08T21:36:34","guid":{"rendered":"https:\/\/agora.xtec.cat\/ietemple\/?p=8067"},"modified":"2021-02-08T22:36:34","modified_gmt":"2021-02-08T21:36:34","slug":"escriure-te-premi","status":"publish","type":"post","link":"https:\/\/agora.xtec.cat\/ietemple\/portada\/escriure-te-premi\/","title":{"rendered":"ESCRIURE T\u00c9 PREMI!"},"content":{"rendered":"<p dir=\"auto\">Durant el primer trimestre hem participat en diferents concursos literaris <span class=\"pq6dq46d tbxw36s4 knj5qynh kvgmc6g5 ditlmg2l oygrvhab nvdbi5me sf5mxxl7 gl3lb2sf hhz5lgdu\"><img loading=\"lazy\" decoding=\"async\" src=\"https:\/\/static.xx.fbcdn.net\/images\/emoji.php\/v9\/t25\/1.5\/16\/1f4dd.png\" alt=\"\ud83d\udcdd\" width=\"16\" height=\"16\" \/><\/span>i volem compartir amb tota la comunitat educativa els premis que han rebut les nostres alumnes: Ariadna P. de 5\u00e8 A, amb la redacci\u00f3 &#8220;Hannah, la noia diferent&#8221;<span class=\"pq6dq46d tbxw36s4 knj5qynh kvgmc6g5 ditlmg2l oygrvhab nvdbi5me sf5mxxl7 gl3lb2sf hhz5lgdu\"><img loading=\"lazy\" decoding=\"async\" src=\"https:\/\/static.xx.fbcdn.net\/images\/emoji.php\/v9\/t0\/1.5\/16\/1f9b8.png\" alt=\"\ud83e\uddb8\" width=\"16\" height=\"16\" \/><\/span>, premi &#8220;Som fortes i valentes&#8221;; Cinta S. de 5\u00e8 C, amb la redacci\u00f3 &#8220;La m\u00e0gia de la Meritxell\u201d <span class=\"pq6dq46d tbxw36s4 knj5qynh kvgmc6g5 ditlmg2l oygrvhab nvdbi5me sf5mxxl7 gl3lb2sf hhz5lgdu\"><img loading=\"lazy\" decoding=\"async\" src=\"https:\/\/static.xx.fbcdn.net\/images\/emoji.php\/v9\/t22\/1.5\/16\/1f9da_1f3fb.png\" alt=\"\ud83e\uddda\ud83c\udffb\" width=\"16\" height=\"16\" \/><\/span>als premis de narrativa i poesia de R. Ferrando i per \u00faltim, Alexandra S. de 6\u00e8B, als premis de &#8220;Relats de Terror&#8221; amb la redacci\u00f3 &#8220;Le jeu de la mort&#8221;<span class=\"pq6dq46d tbxw36s4 knj5qynh kvgmc6g5 ditlmg2l oygrvhab nvdbi5me sf5mxxl7 gl3lb2sf hhz5lgdu\"><img loading=\"lazy\" decoding=\"async\" src=\"https:\/\/static.xx.fbcdn.net\/images\/emoji.php\/v9\/t9a\/1.5\/16\/1f9df_200d_2640.png\" alt=\"\ud83e\udddf\u200d\u2640\ufe0f\" width=\"16\" height=\"16\" \/><\/span>.<\/p>\n<p dir=\"auto\">MOLTES FELICITATS A TOT L\u2019ALUMNAT I DOCENTS QUE HEU PARTICIPAT I GR\u00c0CIES PEL VOSTRE ESFOR\u00c7!!<span class=\"pq6dq46d tbxw36s4 knj5qynh kvgmc6g5 ditlmg2l oygrvhab nvdbi5me sf5mxxl7 gl3lb2sf hhz5lgdu\"><img loading=\"lazy\" decoding=\"async\" src=\"https:\/\/static.xx.fbcdn.net\/images\/emoji.php\/v9\/tc5\/1.5\/16\/1f499.png\" alt=\"\ud83d\udc99\" width=\"16\" height=\"16\" \/><\/span><\/p>\n<p dir=\"auto\"><img loading=\"lazy\" decoding=\"async\" class=\"wp-image-8068 aligncenter\" src=\"https:\/\/agora.xtec.cat\/ietemple\/wp-content\/uploads\/usu352\/2021\/02\/145743060_3619101694811056_718946575350549994_o-225x300.jpg\" alt=\"\" width=\"318\" height=\"424\" srcset=\"https:\/\/agora.xtec.cat\/ietemple\/wp-content\/uploads\/usu352\/2021\/02\/145743060_3619101694811056_718946575350549994_o-225x300.jpg 225w, https:\/\/agora.xtec.cat\/ietemple\/wp-content\/uploads\/usu352\/2021\/02\/145743060_3619101694811056_718946575350549994_o-768x1024.jpg 768w, https:\/\/agora.xtec.cat\/ietemple\/wp-content\/uploads\/usu352\/2021\/02\/145743060_3619101694811056_718946575350549994_o.jpg 843w\" sizes=\"auto, (max-width: 318px) 100vw, 318px\" \/><\/p>\n","protected":false},"excerpt":{"rendered":"<p>Durant el primer trimestre hem participat en diferents concursos literaris i volem compartir amb tota la comunitat educativa els premis que han rebut les nostres alumnes: Ariadna P. de 5\u00e8 A, amb la redacci\u00f3 &#8220;Hannah, la noia diferent&#8221;, premi &#8220;Som fortes i valentes&#8221;; Cinta S.&hellip;  <a href=\"https:\/\/agora.xtec.cat\/ietemple\/portada\/escriure-te-premi\/\" title=\"Read ESCRIURE T\u00c9 PREMI!\">Llegeix m\u00e9s\u00bb<\/a><\/p>\n","protected":false},"author":1,"featured_media":8068,"comment_status":"open","ping_status":"closed","sticky":false,"template":"","format":"standard","meta":{"_bbp_topic_count":0,"_bbp_reply_count":0,"_bbp_total_topic_count":0,"_bbp_total_reply_count":0,"_bbp_voice_count":0,"_bbp_anonymous_reply_count":0,"_bbp_topic_count_hidden":0,"_bbp_reply_count_hidden":0,"_bbp_forum_subforum_count":0,"footnotes":""},"categories":[4],"tags":[],"class_list":["post-8067","post","type-post","status-publish","format-standard","has-post-thumbnail","hentry","category-portada"],"post_mailing_queue_ids":[],"_links":{"self":[{"href":"https:\/\/agora.xtec.cat\/ietemple\/wp-json\/wp\/v2\/posts\/8067","targetHints":{"allow":["GET"]}}],"collection":[{"href":"https:\/\/agora.xtec.cat\/ietemple\/wp-json\/wp\/v2\/posts"}],"about":[{"href":"https:\/\/agora.xtec.cat\/ietemple\/wp-json\/wp\/v2\/types\/post"}],"author":[{"embeddable":true,"href":"https:\/\/agora.xtec.cat\/ietemple\/wp-json\/wp\/v2\/users\/1"}],"replies":[{"embeddable":true,"href":"https:\/\/agora.xtec.cat\/ietemple\/wp-json\/wp\/v2\/comments?post=8067"}],"version-history":[{"count":1,"href":"https:\/\/agora.xtec.cat\/ietemple\/wp-json\/wp\/v2\/posts\/8067\/revisions"}],"predecessor-version":[{"id":8069,"href":"https:\/\/agora.xtec.cat\/ietemple\/wp-json\/wp\/v2\/posts\/8067\/revisions\/8069"}],"wp:featuredmedia":[{"embeddable":true,"href":"https:\/\/agora.xtec.cat\/ietemple\/wp-json\/wp\/v2\/media\/8068"}],"wp:attachment":[{"href":"https:\/\/agora.xtec.cat\/ietemple\/wp-json\/wp\/v2\/media?parent=8067"}],"wp:term":[{"taxonomy":"category","embeddable":true,"href":"https:\/\/agora.xtec.cat\/ietemple\/wp-json\/wp\/v2\/categories?post=8067"},{"taxonomy":"post_tag","embeddable":true,"href":"https:\/\/agora.xtec.cat\/ietemple\/wp-json\/wp\/v2\/tags?post=8067"}],"curies":[{"name":"wp","href":"https:\/\/api.w.org\/{rel}","templated":true}]}}