{"id":7825,"date":"2020-02-28T22:55:21","date_gmt":"2020-02-28T21:55:21","guid":{"rendered":"http:\/\/agora.xtec.cat\/ietemple\/\/?p=7825"},"modified":"2020-06-25T23:20:14","modified_gmt":"2020-06-25T21:20:14","slug":"jornades-de-portes-obertes","status":"publish","type":"post","link":"https:\/\/agora.xtec.cat\/ietemple\/general\/jornades-de-portes-obertes\/","title":{"rendered":"JORNADES DE PORTES OBERTES"},"content":{"rendered":"<p><img loading=\"lazy\" decoding=\"async\" class=\"wp-image-7644 alignleft\" src=\"https:\/\/agora.xtec.cat\/ietemple\/\/wp-content\/uploads\/usu352\/2020\/02\/Portesobertes-212x300.jpg\" alt=\"\" width=\"424\" height=\"600\" srcset=\"https:\/\/agora.xtec.cat\/ietemple\/wp-content\/uploads\/usu352\/2020\/02\/Portesobertes-212x300.jpg 212w, https:\/\/agora.xtec.cat\/ietemple\/wp-content\/uploads\/usu352\/2020\/02\/Portesobertes.jpg 691w\" sizes=\"auto, (max-width: 424px) 100vw, 424px\" \/><\/p>\n<p>L\u2019Escola El Temple \u00e9s una escola p\u00fablica, viva, oberta, participativa, amb una metodologia de treball activa i respectuosa amb els ritmes i els processos interns dels xiquets. El nostre prop\u00f2sit \u00e9s el desenvolupament de les compet\u00e8ncies per a la vida, aquelles que ens serveixen per poder donar resposta als reptes individuals i col\u00b7lectius. Som un centre comprom\u00e8s amb la transformaci\u00f3 educativa i que esdevindr\u00e0 Institut Escola a partir del proper curs, acollint alumnes fins a 1r ESO.<\/p>\n<p>El respecte, la col\u00b7laboraci\u00f3, l\u2019estima i les relacions amables entre tots els membres de la comunitat educativa creen un entorn acollidor que ofereix possibilitats d\u2019aprenentatge i d\u2019\u00e8xit a tots els infants. El joc, l\u2019experimentaci\u00f3, la lectura, la creativitat&#8230; potencien les ganes i el plaer d\u2019aprendre.<\/p>\n<p>Podeu consultar tots els documents i informacions de centre clicant <a href=\"https:\/\/drive.google.com\/drive\/folders\/1Z5_6wGYKge_UJggKfUljvBzfiKdbKxdB?usp=sharing\" target=\"_blank\" rel=\"noopener noreferrer\">aqu\u00ed.<\/a><\/p>\n<p>Per con\u00e8ixer les adscripcions a altres centres, podeu clicar <a href=\"http:\/\/queestudiar.gencat.cat\/web\/.content\/home\/preinscripcio\/estudis\/obligatoris\/adscripcio-centres\/on-esta-adscrit-epri-eso-TEB.pdf\" target=\"_blank\" rel=\"noopener noreferrer\">aqu\u00ed<\/a><\/p>\n<p>&nbsp;<\/p>\n<p>&nbsp;<\/p>\n<p>&nbsp;<\/p>\n<p>&nbsp;<\/p>\n<p><strong>Horari del centre:<\/strong><\/p>\n<p><strong>De P3 a 6\u00e8<\/strong><strong>:<\/strong> <strong>de<\/strong><strong> 9.00 a 12:30h i de 15:00 a 16:30h<\/strong><\/p>\n<p><strong>1r ESO<\/strong><strong>: de 9.00 a 13:30h i de 14:30 a 16:30h<\/strong><\/p>\n<p>&nbsp;<\/p>\n<p><strong>Altres serveis <\/strong><strong>organitzats per l\u2019<\/strong><strong>AFI <\/strong><strong>(Associaci\u00f3 de Fam\u00edlies d\u2019Infants)<\/strong><\/p>\n<p><strong>\u00a0\u00a0 <\/strong><strong>ACOLLIDA<\/strong><\/p>\n<p><strong>\u00a0\u00a0 <\/strong><strong>mat\u00ed de 7:45 a 9:00h<\/strong><\/p>\n<p><strong>\u00a0 \u00a0migdia de 12:30 a 13:30h\u00a0\u00a0\u00a0 <\/strong><\/p>\n<p><strong>\u00a0\u00a0 <\/strong><strong>LUDOTECA<\/strong><strong>\u00a0 <\/strong><\/p>\n<p><strong>\u00a0 \u00a0tarda de 16:30 a 18:00h<\/strong><strong> \u00a0 \u00a0 \u00a0 \u00a0 \u00a0 \u00a0 \u00a0 \u00a0 \u00a0 \u00a0 \u00a0 \u00a0 \u00a0 \u00a0 \u00a0 \u00a0 \u00a0 \u00a0 \u00a0<\/strong><\/p>\n<p><strong>\u00a0 \u00a0MENJADOR\u00a0\u00a0 <\/strong><strong>\u00a0 \u00a0 \u00a0 \u00a0 \u00a0 \u00a0 \u00a0 \u00a0 \u00a0 \u00a0 \u00a0 \u00a0 \u00a0 \u00a0 \u00a0 \u00a0 \u00a0 \u00a0 \u00a0 \u00a0 \u00a0 \u00a0 \u00a0 \u00a0\u00a0<\/strong><\/p>\n<p><strong>\u00a0 \u00a0cuina pr\u00f2pia i de proximitat\u00a0\u00a0\u00a0\u00a0 <\/strong><strong>\u00a0\u00a0\u00a0\u00a0\u00a0\u00a0\u00a0\u00a0\u00a0\u00a0\u00a0\u00a0\u00a0\u00a0\u00a0\u00a0\u00a0\u00a0\u00a0\u00a0\u00a0\u00a0\u00a0\u00a0\u00a0 \u00a0\u00a0 \u00a0\u00a0\u00a0\u00a0<\/strong><\/p>\n<p><strong>\u00a0 \u00a0ACTIVITATS <\/strong> <strong>extraescolars i casals<\/strong><\/p>\n","protected":false},"excerpt":{"rendered":"<p>L\u2019Escola El Temple \u00e9s una escola p\u00fablica, viva, oberta, participativa, amb una metodologia de treball activa i respectuosa amb els ritmes i els processos interns dels xiquets. El nostre prop\u00f2sit \u00e9s el desenvolupament de les compet\u00e8ncies per a la vida, aquelles que ens serveixen per&hellip;  <a href=\"https:\/\/agora.xtec.cat\/ietemple\/general\/jornades-de-portes-obertes\/\" title=\"Read JORNADES DE PORTES OBERTES\">Llegeix m\u00e9s\u00bb<\/a><\/p>\n","protected":false},"author":1,"featured_media":7827,"comment_status":"closed","ping_status":"closed","sticky":false,"template":"","format":"standard","meta":{"_bbp_topic_count":0,"_bbp_reply_count":0,"_bbp_total_topic_count":0,"_bbp_total_reply_count":0,"_bbp_voice_count":0,"_bbp_anonymous_reply_count":0,"_bbp_topic_count_hidden":0,"_bbp_reply_count_hidden":0,"_bbp_forum_subforum_count":0,"footnotes":""},"categories":[1,4],"tags":[],"class_list":["post-7825","post","type-post","status-publish","format-standard","has-post-thumbnail","hentry","category-general","category-portada"],"post_mailing_queue_ids":[],"_links":{"self":[{"href":"https:\/\/agora.xtec.cat\/ietemple\/wp-json\/wp\/v2\/posts\/7825","targetHints":{"allow":["GET"]}}],"collection":[{"href":"https:\/\/agora.xtec.cat\/ietemple\/wp-json\/wp\/v2\/posts"}],"about":[{"href":"https:\/\/agora.xtec.cat\/ietemple\/wp-json\/wp\/v2\/types\/post"}],"author":[{"embeddable":true,"href":"https:\/\/agora.xtec.cat\/ietemple\/wp-json\/wp\/v2\/users\/1"}],"replies":[{"embeddable":true,"href":"https:\/\/agora.xtec.cat\/ietemple\/wp-json\/wp\/v2\/comments?post=7825"}],"version-history":[{"count":3,"href":"https:\/\/agora.xtec.cat\/ietemple\/wp-json\/wp\/v2\/posts\/7825\/revisions"}],"predecessor-version":[{"id":7831,"href":"https:\/\/agora.xtec.cat\/ietemple\/wp-json\/wp\/v2\/posts\/7825\/revisions\/7831"}],"wp:featuredmedia":[{"embeddable":true,"href":"https:\/\/agora.xtec.cat\/ietemple\/wp-json\/wp\/v2\/media\/7827"}],"wp:attachment":[{"href":"https:\/\/agora.xtec.cat\/ietemple\/wp-json\/wp\/v2\/media?parent=7825"}],"wp:term":[{"taxonomy":"category","embeddable":true,"href":"https:\/\/agora.xtec.cat\/ietemple\/wp-json\/wp\/v2\/categories?post=7825"},{"taxonomy":"post_tag","embeddable":true,"href":"https:\/\/agora.xtec.cat\/ietemple\/wp-json\/wp\/v2\/tags?post=7825"}],"curies":[{"name":"wp","href":"https:\/\/api.w.org\/{rel}","templated":true}]}}