{"id":7752,"date":"2020-05-06T17:23:01","date_gmt":"2020-05-06T15:23:01","guid":{"rendered":"http:\/\/agora.xtec.cat\/ietemple\/\/?p=7752"},"modified":"2020-05-06T17:23:27","modified_gmt":"2020-05-06T15:23:27","slug":"sant-jordi-a-casa","status":"publish","type":"post","link":"https:\/\/agora.xtec.cat\/ietemple\/general\/sant-jordi-a-casa\/","title":{"rendered":"SANT JORDI A CASA"},"content":{"rendered":"<p>Tot i el confinament, l&#8217;escola ha volgut celebrar la diada de Sant Jordi amb diferents activitats i propostes que les mestres han dissenyat per acompanyar els infants a casa. La primera ha estat el v\u00eddeo d&#8217;\u00e0nims a totes les fam\u00edlies, amb un petit detall de cada membre de l&#8217;equip de l&#8217;escola&#8230;<\/p>\n<p>https:\/\/youtu.be\/qw460EZp54E<\/p>\n<p>Tamb\u00e9 vam enviar lectures de diferents tipologies als nostres infants, per animar-los a obrir llibres i regalar lectures a la fam\u00edlia. Poesia&#8230;contes&#8230;hist\u00f2ries&#8230;<\/p>\n<p>https:\/\/youtu.be\/YGnczeTIUT8<\/p>\n<p>https:\/\/youtu.be\/J40bDu0xZug<\/p>\n<p>https:\/\/youtu.be\/3p0BWn9AQ2w<\/p>\n<p>https:\/\/www.youtube.com\/watch?v=45l4ntNSTFM<\/p>\n<p>Tamb\u00e9 vam demanar als infants, participar, des de casa, en la iniciativa del cavaller de la cuirassa rovellada de llaut\u00f3, que volia fer una proposta com cal a tothom. Donat que la diada de Sant Jordi es va\u00a0 ajornar, els infants van dibuixar una rosa sobre qualsevol material per casa (paper, roba, fusta\u2026 ) i el 23 d\u2019abril la van penjar als balcons, finestres, portes\u2026per mostrar que la diada \u00e9s dins el nostre cor i l\u2019ajornament \u00e9s una circumst\u00e0ncia. Va servir tamb\u00e9 d\u2019homenatge a tots aquells i aquelles que es deixen la pell per la nostra salut. Podeu veure les roses clicant aquesta imatge&#8230;<\/p>\n<p><a href=\"https:\/\/photos.app.goo.gl\/ij4VnsUg2EbnpFyFA\" target=\"_blank\" rel=\"noopener noreferrer\"><img loading=\"lazy\" decoding=\"async\" class=\"alignleft wp-image-7753 size-medium\" src=\"https:\/\/agora.xtec.cat\/ietemple\/\/wp-content\/uploads\/usu352\/2020\/05\/ma_blog_stjordi_01-300x150.jpg\" alt=\"\" width=\"300\" height=\"150\" srcset=\"https:\/\/agora.xtec.cat\/ietemple\/wp-content\/uploads\/usu352\/2020\/05\/ma_blog_stjordi_01-300x150.jpg 300w, https:\/\/agora.xtec.cat\/ietemple\/wp-content\/uploads\/usu352\/2020\/05\/ma_blog_stjordi_01-768x384.jpg 768w, https:\/\/agora.xtec.cat\/ietemple\/wp-content\/uploads\/usu352\/2020\/05\/ma_blog_stjordi_01-1024x512.jpg 1024w, https:\/\/agora.xtec.cat\/ietemple\/wp-content\/uploads\/usu352\/2020\/05\/ma_blog_stjordi_01.jpg 1170w\" sizes=\"auto, (max-width: 300px) 100vw, 300px\" \/><\/a><\/p>\n","protected":false},"excerpt":{"rendered":"<p>Tot i el confinament, l&#8217;escola ha volgut celebrar la diada de Sant Jordi amb diferents activitats i propostes que les mestres han dissenyat per acompanyar els infants a casa. La primera ha estat el v\u00eddeo d&#8217;\u00e0nims a totes les fam\u00edlies, amb un petit detall de&hellip;  <a href=\"https:\/\/agora.xtec.cat\/ietemple\/general\/sant-jordi-a-casa\/\" title=\"Read SANT JORDI A CASA\">Llegeix m\u00e9s\u00bb<\/a><\/p>\n","protected":false},"author":1,"featured_media":7754,"comment_status":"open","ping_status":"closed","sticky":false,"template":"","format":"standard","meta":{"_bbp_topic_count":0,"_bbp_reply_count":0,"_bbp_total_topic_count":0,"_bbp_total_reply_count":0,"_bbp_voice_count":0,"_bbp_anonymous_reply_count":0,"_bbp_topic_count_hidden":0,"_bbp_reply_count_hidden":0,"_bbp_forum_subforum_count":0,"footnotes":""},"categories":[1,4],"tags":[],"class_list":["post-7752","post","type-post","status-publish","format-standard","has-post-thumbnail","hentry","category-general","category-portada"],"post_mailing_queue_ids":[],"_links":{"self":[{"href":"https:\/\/agora.xtec.cat\/ietemple\/wp-json\/wp\/v2\/posts\/7752","targetHints":{"allow":["GET"]}}],"collection":[{"href":"https:\/\/agora.xtec.cat\/ietemple\/wp-json\/wp\/v2\/posts"}],"about":[{"href":"https:\/\/agora.xtec.cat\/ietemple\/wp-json\/wp\/v2\/types\/post"}],"author":[{"embeddable":true,"href":"https:\/\/agora.xtec.cat\/ietemple\/wp-json\/wp\/v2\/users\/1"}],"replies":[{"embeddable":true,"href":"https:\/\/agora.xtec.cat\/ietemple\/wp-json\/wp\/v2\/comments?post=7752"}],"version-history":[{"count":1,"href":"https:\/\/agora.xtec.cat\/ietemple\/wp-json\/wp\/v2\/posts\/7752\/revisions"}],"predecessor-version":[{"id":7755,"href":"https:\/\/agora.xtec.cat\/ietemple\/wp-json\/wp\/v2\/posts\/7752\/revisions\/7755"}],"wp:featuredmedia":[{"embeddable":true,"href":"https:\/\/agora.xtec.cat\/ietemple\/wp-json\/wp\/v2\/media\/7754"}],"wp:attachment":[{"href":"https:\/\/agora.xtec.cat\/ietemple\/wp-json\/wp\/v2\/media?parent=7752"}],"wp:term":[{"taxonomy":"category","embeddable":true,"href":"https:\/\/agora.xtec.cat\/ietemple\/wp-json\/wp\/v2\/categories?post=7752"},{"taxonomy":"post_tag","embeddable":true,"href":"https:\/\/agora.xtec.cat\/ietemple\/wp-json\/wp\/v2\/tags?post=7752"}],"curies":[{"name":"wp","href":"https:\/\/api.w.org\/{rel}","templated":true}]}}