{"id":6989,"date":"2019-01-28T23:57:59","date_gmt":"2019-01-28T22:57:59","guid":{"rendered":"http:\/\/agora.xtec.cat\/ietemple\/\/?p=6989"},"modified":"2019-01-29T00:03:59","modified_gmt":"2019-01-28T23:03:59","slug":"beceroles","status":"publish","type":"post","link":"https:\/\/agora.xtec.cat\/ietemple\/petits\/beceroles\/","title":{"rendered":"BECEROLES a P3"},"content":{"rendered":"<p>El projecte Beceroles musicals \u00e9s una proposta de la URV, i m\u00e9s en concret del mestre Joan Vidal, pare de l&#8217;escola. Es tracta d&#8217;una activitat que realitzen estudiants de mestres amb els xiquets de P3.<\/p>\n<p>L\u2019objectiu \u00e9s difondre la Teoria de l\u2019Aprenentatge Musical d\u2019Edwin Gordon i facilitar la seua aplicaci\u00f3 als centres d\u2019educaci\u00f3 infantil del territori formant mestres i estudiants.<\/p>\n<p>L\u2019Audiaci\u00f3 \u00e9s la principal base del m\u00e8tode Gordon i es defineix com la capacitat de percebre i comprendre la m\u00fasica en la pr\u00f2pia ment. \u201cRepresenta un benefici per a tota la comunitat i democratitza el futur acc\u00e9s a la pr\u00e0ctica musical\u201d, assenyala Joan Vidal. El projecte ha aconseguit suport del Consell Social de la URV a trav\u00e9s dels Ajuts Pont per a projectes educatius, per segon any consecutiu. Uns 1.500 euros que el curs passat van servir per adquirir material did\u00e0ctic propi d\u2019aquest m\u00e8tode com mantes cooperatives, octoband, cintes cooperatives, saquets psicomotrius, mocadors, paracaigudes i que enguany s\u2019han destinat a comprar tambors cooperatius de grans dimensions (celebration drums) i tambors adaptats per l\u2019\u00fas a terra (floor drums), entre altres.<\/p>\n<p>Aqu\u00ed teniu algunes imatges de les activitats:<\/p>\n<p><a href=\"https:\/\/photos.google.com\/album\/AF1QipNAdLpBQndRoYAHc1h9EpHsE7-BzhX5J1ZARhMb\" target=\"_blank\" rel=\"noopener\"><img loading=\"lazy\" decoding=\"async\" class=\"aligncenter wp-image-6990 size-medium\" src=\"https:\/\/agora.xtec.cat\/ietemple\/\/wp-content\/uploads\/usu352\/2019\/01\/DSC_4455-300x201.jpg\" alt=\"\" width=\"300\" height=\"201\" srcset=\"https:\/\/agora.xtec.cat\/ietemple\/wp-content\/uploads\/usu352\/2019\/01\/DSC_4455-300x201.jpg 300w, https:\/\/agora.xtec.cat\/ietemple\/wp-content\/uploads\/usu352\/2019\/01\/DSC_4455-768x513.jpg 768w, https:\/\/agora.xtec.cat\/ietemple\/wp-content\/uploads\/usu352\/2019\/01\/DSC_4455-1024x684.jpg 1024w\" sizes=\"auto, (max-width: 300px) 100vw, 300px\" \/><\/a><\/p>\n","protected":false},"excerpt":{"rendered":"<p>El projecte Beceroles musicals \u00e9s una proposta de la URV, i m\u00e9s en concret del mestre Joan Vidal, pare de l&#8217;escola. Es tracta d&#8217;una activitat que realitzen estudiants de mestres amb els xiquets de P3.<br \/>\nL\u2019objectiu \u00e9s difondre la Teoria de l\u2019Aprenentatge Musical d\u2019Edwin Gordon i&hellip;  <a href=\"https:\/\/agora.xtec.cat\/ietemple\/petits\/beceroles\/\" title=\"Read BECEROLES a P3\">Llegeix m\u00e9s\u00bb<\/a><\/p>\n","protected":false},"author":1,"featured_media":6990,"comment_status":"closed","ping_status":"closed","sticky":false,"template":"","format":"standard","meta":{"_bbp_topic_count":0,"_bbp_reply_count":0,"_bbp_total_topic_count":0,"_bbp_total_reply_count":0,"_bbp_voice_count":0,"_bbp_anonymous_reply_count":0,"_bbp_topic_count_hidden":0,"_bbp_reply_count_hidden":0,"_bbp_forum_subforum_count":0,"footnotes":""},"categories":[3,2,4],"tags":[],"class_list":["post-6989","post","type-post","status-publish","format-standard","has-post-thumbnail","hentry","category-p3","category-petits","category-portada"],"post_mailing_queue_ids":[],"_links":{"self":[{"href":"https:\/\/agora.xtec.cat\/ietemple\/wp-json\/wp\/v2\/posts\/6989","targetHints":{"allow":["GET"]}}],"collection":[{"href":"https:\/\/agora.xtec.cat\/ietemple\/wp-json\/wp\/v2\/posts"}],"about":[{"href":"https:\/\/agora.xtec.cat\/ietemple\/wp-json\/wp\/v2\/types\/post"}],"author":[{"embeddable":true,"href":"https:\/\/agora.xtec.cat\/ietemple\/wp-json\/wp\/v2\/users\/1"}],"replies":[{"embeddable":true,"href":"https:\/\/agora.xtec.cat\/ietemple\/wp-json\/wp\/v2\/comments?post=6989"}],"version-history":[{"count":2,"href":"https:\/\/agora.xtec.cat\/ietemple\/wp-json\/wp\/v2\/posts\/6989\/revisions"}],"predecessor-version":[{"id":6992,"href":"https:\/\/agora.xtec.cat\/ietemple\/wp-json\/wp\/v2\/posts\/6989\/revisions\/6992"}],"wp:featuredmedia":[{"embeddable":true,"href":"https:\/\/agora.xtec.cat\/ietemple\/wp-json\/wp\/v2\/media\/6990"}],"wp:attachment":[{"href":"https:\/\/agora.xtec.cat\/ietemple\/wp-json\/wp\/v2\/media?parent=6989"}],"wp:term":[{"taxonomy":"category","embeddable":true,"href":"https:\/\/agora.xtec.cat\/ietemple\/wp-json\/wp\/v2\/categories?post=6989"},{"taxonomy":"post_tag","embeddable":true,"href":"https:\/\/agora.xtec.cat\/ietemple\/wp-json\/wp\/v2\/tags?post=6989"}],"curies":[{"name":"wp","href":"https:\/\/api.w.org\/{rel}","templated":true}]}}