{"id":6344,"date":"2018-10-09T18:11:38","date_gmt":"2018-10-09T16:11:38","guid":{"rendered":"http:\/\/agora.xtec.cat\/ietemple\/\/?p=6344"},"modified":"2018-10-09T18:12:08","modified_gmt":"2018-10-09T16:12:08","slug":"nous-llibres-per-a-la-nostra-biblioteca","status":"publish","type":"post","link":"https:\/\/agora.xtec.cat\/ietemple\/portada\/nous-llibres-per-a-la-nostra-biblioteca\/","title":{"rendered":"Nous llibres per a la nostra biblioteca!!"},"content":{"rendered":"<p>JA HEM OBERT LA NOSTRA BIBLIO!Tots els dilluns i dimarts de 17 a 18h podeu venir a llegir i gaudir amb les fam\u00edlies!<\/p>\n<p>Les fam\u00edlies de l&#8217;escola continuen col\u00b7laborant activament en la nostra biblioteca i les seves aportacions de llibres s\u00f3n molt importants. Aquesta setmana la Berta i la Sara ens han portat un bon grapat de nous t\u00edtols que afegirem al nostre fons i que posarem a disposici\u00f3 de tothom! Recordeu que la biblio est\u00e0 oberta a l&#8217;hora del pati de dimarts i dijous i els dilluns i dimarts de 17 a 18h.<\/p>\n<p>Durant el temps que la biblio est\u00e0 oberta podeu venir a llegir i a compartir moments amb la fam\u00edlia per\u00f2 tamb\u00e9 podeu agafar llibres en pr\u00e9stec per a casa durant una setmana i despr\u00e9s retornar-los. Cada infant de l&#8217;escola t\u00e9 el seu carnet per\u00f2 amb les dades personals ja en tenim prou per poder fer el pr\u00e9stec. El m\u00e9s important \u00e9s venir amb moltes ganes de llegir&#8230;d&#8217;imaginar&#8230;de somniar&#8230;<\/p>\n<p>Us deixem un parell de fotos de les noves aportacions de llibres a la biblioteca. Us animem a seguir-ne compartint i portant-ne a l&#8217;escola!<\/p>\n<p><img loading=\"lazy\" decoding=\"async\" class=\"size-medium wp-image-6345 alignleft\" src=\"https:\/\/agora.xtec.cat\/ietemple\/\/wp-content\/uploads\/usu352\/2018\/10\/20181002_171916-221x300.jpg\" alt=\"\" width=\"221\" height=\"300\" srcset=\"https:\/\/agora.xtec.cat\/ietemple\/wp-content\/uploads\/usu352\/2018\/10\/20181002_171916-221x300.jpg 221w, https:\/\/agora.xtec.cat\/ietemple\/wp-content\/uploads\/usu352\/2018\/10\/20181002_171916-768x1041.jpg 768w, https:\/\/agora.xtec.cat\/ietemple\/wp-content\/uploads\/usu352\/2018\/10\/20181002_171916-755x1024.jpg 755w, https:\/\/agora.xtec.cat\/ietemple\/wp-content\/uploads\/usu352\/2018\/10\/20181002_171916.jpg 1069w\" sizes=\"auto, (max-width: 221px) 100vw, 221px\" \/> <img loading=\"lazy\" decoding=\"async\" class=\" wp-image-6346 alignleft\" src=\"https:\/\/agora.xtec.cat\/ietemple\/\/wp-content\/uploads\/usu352\/2018\/10\/20181009_170916-300x264.jpg\" alt=\"\" width=\"341\" height=\"300\" srcset=\"https:\/\/agora.xtec.cat\/ietemple\/wp-content\/uploads\/usu352\/2018\/10\/20181009_170916-300x264.jpg 300w, https:\/\/agora.xtec.cat\/ietemple\/wp-content\/uploads\/usu352\/2018\/10\/20181009_170916-768x677.jpg 768w, https:\/\/agora.xtec.cat\/ietemple\/wp-content\/uploads\/usu352\/2018\/10\/20181009_170916-1024x902.jpg 1024w\" sizes=\"auto, (max-width: 341px) 100vw, 341px\" \/><\/p>\n","protected":false},"excerpt":{"rendered":"<p>JA HEM OBERT LA NOSTRA BIBLIO!Tots els dilluns i dimarts de 17 a 18h podeu venir a llegir i gaudir amb les fam\u00edlies!<br \/>\nLes fam\u00edlies de l&#8217;escola continuen col\u00b7laborant activament en la nostra biblioteca i les seves aportacions de llibres s\u00f3n molt importants. Aquesta setmana la&hellip;  <a href=\"https:\/\/agora.xtec.cat\/ietemple\/portada\/nous-llibres-per-a-la-nostra-biblioteca\/\" title=\"Read Nous llibres per a la nostra biblioteca!!\">Llegeix m\u00e9s\u00bb<\/a><\/p>\n","protected":false},"author":1,"featured_media":6345,"comment_status":"open","ping_status":"closed","sticky":false,"template":"","format":"standard","meta":{"_bbp_topic_count":0,"_bbp_reply_count":0,"_bbp_total_topic_count":0,"_bbp_total_reply_count":0,"_bbp_voice_count":0,"_bbp_anonymous_reply_count":0,"_bbp_topic_count_hidden":0,"_bbp_reply_count_hidden":0,"_bbp_forum_subforum_count":0,"footnotes":""},"categories":[98,4],"tags":[],"class_list":["post-6344","post","type-post","status-publish","format-standard","has-post-thumbnail","hentry","category-biblioteca","category-portada"],"post_mailing_queue_ids":[],"_links":{"self":[{"href":"https:\/\/agora.xtec.cat\/ietemple\/wp-json\/wp\/v2\/posts\/6344","targetHints":{"allow":["GET"]}}],"collection":[{"href":"https:\/\/agora.xtec.cat\/ietemple\/wp-json\/wp\/v2\/posts"}],"about":[{"href":"https:\/\/agora.xtec.cat\/ietemple\/wp-json\/wp\/v2\/types\/post"}],"author":[{"embeddable":true,"href":"https:\/\/agora.xtec.cat\/ietemple\/wp-json\/wp\/v2\/users\/1"}],"replies":[{"embeddable":true,"href":"https:\/\/agora.xtec.cat\/ietemple\/wp-json\/wp\/v2\/comments?post=6344"}],"version-history":[{"count":1,"href":"https:\/\/agora.xtec.cat\/ietemple\/wp-json\/wp\/v2\/posts\/6344\/revisions"}],"predecessor-version":[{"id":6347,"href":"https:\/\/agora.xtec.cat\/ietemple\/wp-json\/wp\/v2\/posts\/6344\/revisions\/6347"}],"wp:featuredmedia":[{"embeddable":true,"href":"https:\/\/agora.xtec.cat\/ietemple\/wp-json\/wp\/v2\/media\/6345"}],"wp:attachment":[{"href":"https:\/\/agora.xtec.cat\/ietemple\/wp-json\/wp\/v2\/media?parent=6344"}],"wp:term":[{"taxonomy":"category","embeddable":true,"href":"https:\/\/agora.xtec.cat\/ietemple\/wp-json\/wp\/v2\/categories?post=6344"},{"taxonomy":"post_tag","embeddable":true,"href":"https:\/\/agora.xtec.cat\/ietemple\/wp-json\/wp\/v2\/tags?post=6344"}],"curies":[{"name":"wp","href":"https:\/\/api.w.org\/{rel}","templated":true}]}}