{"id":6255,"date":"2018-09-12T22:35:52","date_gmt":"2018-09-12T20:35:52","guid":{"rendered":"http:\/\/agora.xtec.cat\/ietemple\/\/?p=6255"},"modified":"2018-09-12T22:36:11","modified_gmt":"2018-09-12T20:36:11","slug":"comencem-el-nou-curs","status":"publish","type":"post","link":"https:\/\/agora.xtec.cat\/ietemple\/portada\/comencem-el-nou-curs\/","title":{"rendered":"COMENCEM EL NOU CURS!"},"content":{"rendered":"<p style=\"text-align: justify;\">Aquest dimecres, 12 de setembre, hem iniciat el nou curs escolar. Ha estat un dia ple d&#8217;emocions i retrobaments. Els m\u00e9s petits de P3, que arriben per primera vega a l&#8217;escola, han viscut un mat\u00ed molt intens, amb l&#8217;acompanyament de les seves fam\u00edlies i amb la trobada, per primer cop, a tots els adults que els acompanyaran a l&#8217;escola durant aquest any. Aquesta pres\u00e8ncia de les fam\u00edlies per ajudar-los en la seva adaptaci\u00f3 ha esdevingut molt important en els darrers anys a l&#8217;escola, i representa una continu\u00eftat del vincle entre la fam\u00edlia i l&#8217;escola. La tasca de les mestres Marta i Salom\u00e9 per crear els lligams necessaris ens elles i els infants justament comen\u00e7a ara i poder comptar amb el suport de mares, pares i altres familiars sempre suposa un gran valor. Tamb\u00e9 han comptat, tots els petits, amb l&#8217;acompanyament de les nostres TEI&#8217;s, Cristina i Rosana, i d&#8217;altres mestres de l&#8217;escola.<\/p>\n<p style=\"text-align: justify;\">Els petits de P4, que ja comencen el seu segon curs al Temple, han canviat de tutora de manera que la mestra Pepi s&#8217;encarrega ara del grup A i Llu\u00efsa del B. Ha estat un mat\u00ed de retrobaments i de comen\u00e7ar un nou cam\u00ed de la ma d&#8217;una mestra, que tot i que diferent, no deixa de ser molt coneguda per a ells. Aquest ser\u00e0 un any ben diferent, amb tota l&#8217;experi\u00e8ncia acumulada el curs passat i els camins que tenen per endavant.<\/p>\n<p style=\"text-align: justify;\">Els grans entre els petits ja fan P5 i continuen amb les tutores Montse i Antonia. La seva experi\u00e8ncia a l&#8217;escola ja \u00e9s prou amplia com per haver gaudit d&#8217;aquest primer dia amb els companys sense preocupar-se per les vacances que queden enrere ni per all\u00f2 que est\u00e0 per venir. Durant el curs s&#8217;endinsaran en el llarg i apassionant cam\u00ed de la lectoescriptura i s&#8217;envoltaran de llibres i propostes que els provoquin ganes d&#8217;anar unint sons per formar paraules i paraules per formar frases. Tota una descoberta que els obrir\u00e0 un m\u00f3n immens que es troba al seu voltant.<\/p>\n<p>A prim\u00e0ria, els que fins fa poc eren tan gran entre els petits ara ja estan a l&#8217;edifici gran i s\u00f3n els petits entre els mitjans. Xiquets de primer comparteixen pati, tallers i altres moments amb els de segon, i, amb l&#8217;acompanyament de les mestres Lourdes i Elena aniran treballant l&#8217;autonomia i aprofundint en la lectoescriptura i la comprensi\u00f3. A m\u00e9s, descobriran com unes divertides figures poden servir per jugar i treballar les matem\u00e0tiques alhora. S&#8217;iniciaran en els escacs.<\/p>\n<p>Els mitjans de 2n i de 3r, ja molt m\u00e9s experimentats i amb un ritmes lectors for\u00e7a consolidats, s&#8217;inicien en el m\u00f3n de la creaci\u00f3, de la experimentaci\u00f3 raonada, de la descoberta en equip, dels projectes d&#8217;investigaci\u00f3&#8230;. Tenen un curs apassionant per endavant.<\/p>\n<p>Els grans de l&#8217;escola, des de 4t fins a 6\u00e8, ja es mouen pel centre amb total autonomia i el seu treball, cada cop m\u00e9s cooperatiu i organitzat, aprofundeix i projecte de treball m\u00e9s elaborats i encaminats a la seva presentaci\u00f3 davant del grup. Els taller d&#8217;art representen el gran moment creatiu per als grans, acompanyat pel treball matem\u00e0tic manipulatiu i per la llengua enfocada des d&#8217;una perspectiva vivencial i d&#8217;\u00fas. Pren especial volada el treball de llengua anglesa a partir d&#8217;aquest moment, fins arribar a assolir un bon nivell oral i escrit en acabar l&#8217;escola.<\/p>\n<p>Tots plegats compartiran aquest curs amb mestres, fam\u00edlies, personal de serveis i la resta de membres de la comunitat educativa de l&#8217;escola. A tots plegat, BON CURS 18-19<\/p>\n<p>&nbsp;<\/p>\n<p class=\"alignnone\" style=\"text-align: center;\">\n<p><img loading=\"lazy\" decoding=\"async\" class=\"size-medium wp-image-6256 aligncenter\" style=\"background-color: transparent; box-sizing: border-box; color: #222222; display: block; font-family: &amp;quot; helvetica neue&amp;quot;,&amp;quot;helvetica&amp;quot;,helvetica,arial,sans-serif; font-size: 16px; font-style: normal; font-variant: normal; font-weight: 400; height: 300px; letter-spacing: normal; margin-left: 403.5px; margin-right: 403.5px; max-width: 976px; orphans: 2; outline-color: #72777c; outline-style: solid; outline-width: 1px; text-align: left; text-decoration: none; text-indent: 0px; text-transform: none; -webkit-text-stroke-width: 0px; white-space: normal; word-spacing: 0px;\" src=\"http:\/\/agora.xtec.cat\/ietemple\/\/wp-content\/uploads\/usu352\/2018\/09\/IMG-20180912-WA0026-169x300.jpg\" alt=\"\" width=\"169\" height=\"300\" srcset=\"https:\/\/agora.xtec.cat\/ietemple\/wp-content\/uploads\/usu352\/2018\/09\/IMG-20180912-WA0026-169x300.jpg 169w, https:\/\/agora.xtec.cat\/ietemple\/wp-content\/uploads\/usu352\/2018\/09\/IMG-20180912-WA0026.jpg 432w\" sizes=\"auto, (max-width: 169px) 100vw, 169px\" \/><\/p>\n<p>Cliqueu a la foto per veure m\u00e9s imatges del dia<\/p>\n<p>&nbsp;<\/p>\n<p>&nbsp;<\/p>\n","protected":false},"excerpt":{"rendered":"<p>Aquest dimecres, 12 de setembre, hem iniciat el nou curs escolar. Ha estat un dia ple d&#8217;emocions i retrobaments. Els m\u00e9s petits de P3, que arriben per primera vega a l&#8217;escola, han viscut un mat\u00ed molt intens, amb l&#8217;acompanyament de les seves fam\u00edlies i amb&hellip;  <a href=\"https:\/\/agora.xtec.cat\/ietemple\/portada\/comencem-el-nou-curs\/\" title=\"Read COMENCEM EL NOU CURS!\">Llegeix m\u00e9s\u00bb<\/a><\/p>\n","protected":false},"author":1,"featured_media":6256,"comment_status":"open","ping_status":"closed","sticky":false,"template":"","format":"standard","meta":{"_bbp_topic_count":0,"_bbp_reply_count":0,"_bbp_total_topic_count":0,"_bbp_total_reply_count":0,"_bbp_voice_count":0,"_bbp_anonymous_reply_count":0,"_bbp_topic_count_hidden":0,"_bbp_reply_count_hidden":0,"_bbp_forum_subforum_count":0,"footnotes":""},"categories":[4],"tags":[],"class_list":["post-6255","post","type-post","status-publish","format-standard","has-post-thumbnail","hentry","category-portada"],"post_mailing_queue_ids":[],"_links":{"self":[{"href":"https:\/\/agora.xtec.cat\/ietemple\/wp-json\/wp\/v2\/posts\/6255","targetHints":{"allow":["GET"]}}],"collection":[{"href":"https:\/\/agora.xtec.cat\/ietemple\/wp-json\/wp\/v2\/posts"}],"about":[{"href":"https:\/\/agora.xtec.cat\/ietemple\/wp-json\/wp\/v2\/types\/post"}],"author":[{"embeddable":true,"href":"https:\/\/agora.xtec.cat\/ietemple\/wp-json\/wp\/v2\/users\/1"}],"replies":[{"embeddable":true,"href":"https:\/\/agora.xtec.cat\/ietemple\/wp-json\/wp\/v2\/comments?post=6255"}],"version-history":[{"count":2,"href":"https:\/\/agora.xtec.cat\/ietemple\/wp-json\/wp\/v2\/posts\/6255\/revisions"}],"predecessor-version":[{"id":6258,"href":"https:\/\/agora.xtec.cat\/ietemple\/wp-json\/wp\/v2\/posts\/6255\/revisions\/6258"}],"wp:featuredmedia":[{"embeddable":true,"href":"https:\/\/agora.xtec.cat\/ietemple\/wp-json\/wp\/v2\/media\/6256"}],"wp:attachment":[{"href":"https:\/\/agora.xtec.cat\/ietemple\/wp-json\/wp\/v2\/media?parent=6255"}],"wp:term":[{"taxonomy":"category","embeddable":true,"href":"https:\/\/agora.xtec.cat\/ietemple\/wp-json\/wp\/v2\/categories?post=6255"},{"taxonomy":"post_tag","embeddable":true,"href":"https:\/\/agora.xtec.cat\/ietemple\/wp-json\/wp\/v2\/tags?post=6255"}],"curies":[{"name":"wp","href":"https:\/\/api.w.org\/{rel}","templated":true}]}}