{"id":6026,"date":"2018-04-24T23:35:26","date_gmt":"2018-04-24T21:35:26","guid":{"rendered":"http:\/\/agora.xtec.cat\/ietemple\/\/?p=6026"},"modified":"2018-04-24T23:37:48","modified_gmt":"2018-04-24T21:37:48","slug":"les-coves-de-lespluga-sortida-2n","status":"publish","type":"post","link":"https:\/\/agora.xtec.cat\/ietemple\/general\/les-coves-de-lespluga-sortida-2n\/","title":{"rendered":"Les Coves de l&#8217;Espluga (sortida 2n)"},"content":{"rendered":"<p>S&#8217;apropa el final de curs i els de segon inicien les sortides d&#8217;aquest any amb una visita a les coves prehist\u00f2riques de l&#8217;Espluga de Francol\u00ed. Es tracta d&#8217;un indret carregat d&#8217;hist\u00f2ria on els infants podran gaudir de la visita a m\u00e9s de fer alguns tallers pr\u00e0ctics. La sortida t\u00e9 prevista la sortida a les 9 del mat\u00ed i la tornada a les 5 a l&#8217;estaci\u00f3 de busos.<\/p>\n<p>Podeu trobar tota la informaci\u00f3 sobre les coves en aquest enlla\u00e7:<\/p>\n<p><a href=\"http:\/\/www.covesdelespluga.info\/ca\/inici.html\">http:\/\/www.covesdelespluga.info\/ca\/inici.html<\/a><\/p>\n<p>Per seguir la jornada en imatges i videos nom\u00e9s cal que cliqueu la foto.<\/p>\n<p><a href=\"https:\/\/photos.google.com\/share\/AF1QipPj5sjQEVXR-pm-ZQ-P9E26WN7loLXKlyaqo4qs3uo8CZTa3eRNA0f9q0bo5f-WEA?key=MVFuTk5JZmRiTnFudFlWaUJERG13UmJNb1JZSklB\" target=\"_blank\" rel=\"noopener noreferrer\"><img loading=\"lazy\" decoding=\"async\" class=\"aligncenter wp-image-6027 size-medium\" src=\"http:\/\/agora.xtec.cat\/ietemple\/\/wp-content\/uploads\/usu352\/2018\/04\/home_slideshow_1-300x113.jpg\" alt=\"\" width=\"300\" height=\"113\" srcset=\"https:\/\/agora.xtec.cat\/ietemple\/wp-content\/uploads\/usu352\/2018\/04\/home_slideshow_1-300x113.jpg 300w, https:\/\/agora.xtec.cat\/ietemple\/wp-content\/uploads\/usu352\/2018\/04\/home_slideshow_1-768x288.jpg 768w, https:\/\/agora.xtec.cat\/ietemple\/wp-content\/uploads\/usu352\/2018\/04\/home_slideshow_1.jpg 960w\" sizes=\"auto, (max-width: 300px) 100vw, 300px\" \/><\/a><\/p>\n","protected":false},"excerpt":{"rendered":"<p>S&#8217;apropa el final de curs i els de segon inicien les sortides d&#8217;aquest any amb una visita a les coves prehist\u00f2riques de l&#8217;Espluga de Francol\u00ed. Es tracta d&#8217;un indret carregat d&#8217;hist\u00f2ria on els infants podran gaudir de la visita a m\u00e9s de fer alguns tallers&hellip;  <a href=\"https:\/\/agora.xtec.cat\/ietemple\/general\/les-coves-de-lespluga-sortida-2n\/\" title=\"Read Les Coves de l&#8217;Espluga (sortida 2n)\">Llegeix m\u00e9s\u00bb<\/a><\/p>\n","protected":false},"author":1,"featured_media":6027,"comment_status":"open","ping_status":"closed","sticky":false,"template":"","format":"standard","meta":{"_bbp_topic_count":0,"_bbp_reply_count":0,"_bbp_total_topic_count":0,"_bbp_total_reply_count":0,"_bbp_voice_count":0,"_bbp_anonymous_reply_count":0,"_bbp_topic_count_hidden":0,"_bbp_reply_count_hidden":0,"_bbp_forum_subforum_count":0,"footnotes":""},"categories":[1,4],"tags":[],"class_list":["post-6026","post","type-post","status-publish","format-standard","has-post-thumbnail","hentry","category-general","category-portada"],"post_mailing_queue_ids":[],"_links":{"self":[{"href":"https:\/\/agora.xtec.cat\/ietemple\/wp-json\/wp\/v2\/posts\/6026","targetHints":{"allow":["GET"]}}],"collection":[{"href":"https:\/\/agora.xtec.cat\/ietemple\/wp-json\/wp\/v2\/posts"}],"about":[{"href":"https:\/\/agora.xtec.cat\/ietemple\/wp-json\/wp\/v2\/types\/post"}],"author":[{"embeddable":true,"href":"https:\/\/agora.xtec.cat\/ietemple\/wp-json\/wp\/v2\/users\/1"}],"replies":[{"embeddable":true,"href":"https:\/\/agora.xtec.cat\/ietemple\/wp-json\/wp\/v2\/comments?post=6026"}],"version-history":[{"count":1,"href":"https:\/\/agora.xtec.cat\/ietemple\/wp-json\/wp\/v2\/posts\/6026\/revisions"}],"predecessor-version":[{"id":6028,"href":"https:\/\/agora.xtec.cat\/ietemple\/wp-json\/wp\/v2\/posts\/6026\/revisions\/6028"}],"wp:featuredmedia":[{"embeddable":true,"href":"https:\/\/agora.xtec.cat\/ietemple\/wp-json\/wp\/v2\/media\/6027"}],"wp:attachment":[{"href":"https:\/\/agora.xtec.cat\/ietemple\/wp-json\/wp\/v2\/media?parent=6026"}],"wp:term":[{"taxonomy":"category","embeddable":true,"href":"https:\/\/agora.xtec.cat\/ietemple\/wp-json\/wp\/v2\/categories?post=6026"},{"taxonomy":"post_tag","embeddable":true,"href":"https:\/\/agora.xtec.cat\/ietemple\/wp-json\/wp\/v2\/tags?post=6026"}],"curies":[{"name":"wp","href":"https:\/\/api.w.org\/{rel}","templated":true}]}}