{"id":5794,"date":"2018-02-08T11:39:46","date_gmt":"2018-02-08T10:39:46","guid":{"rendered":"http:\/\/agora.xtec.cat\/ietemple\/\/?p=5794"},"modified":"2018-02-08T11:40:08","modified_gmt":"2018-02-08T10:40:08","slug":"jornada-de-portes-obertes","status":"publish","type":"post","link":"https:\/\/agora.xtec.cat\/ietemple\/general\/jornada-de-portes-obertes\/","title":{"rendered":"JORNADA DE PORTES OBERTES"},"content":{"rendered":"<p>Comencem a preparar el nou curs i per aix\u00f2 us oferim la possibilitat de con\u00e8ixer l&#8217;escola a les <strong>Jornades de Portes Obertes<\/strong> que estem organitzant per a principis del mes de mar\u00e7. El dia <strong>dijous dia 1 a les 19h<\/strong> farem una <strong>xerrada informativa<\/strong> i presentaci\u00f3 dels diferents espais amb l&#8217;acompanyament de mestres, infants i fam\u00edlies. La setmana seg\u00fcent, els dies <strong>5, 6 i 7 de mar\u00e7 podreu visitar l&#8217;escola<\/strong> al llarg de tot l&#8217;horari escolar per veure els mateixos espais plens de vida, d&#8217;infants, de mestres, de propostes, d&#8217;aprenentatges&#8230;<\/p>\n<p>Us animem a <strong>compartir<\/strong> aquesta proposta amb coneguts i familiars que tinguin nens en edat escolar i que vulguin iniciar el cam\u00ed escolar amb nosaltres. Podeu convidar-los a visitar l&#8217;escola, explicar-los les vostres experi\u00e8ncies i fins i tot acompanyar-los el dia de les portes obertes.<\/p>\n<p>Durant les properes setmanes us donarem m\u00e9s informaci\u00f3 referent al proc\u00e8s de preinscripci\u00f3 per al proper curs.<\/p>\n<p><img loading=\"lazy\" decoding=\"async\" class=\" wp-image-5793 aligncenter\" src=\"http:\/\/agora.xtec.cat\/ietemple\/\/wp-content\/uploads\/usu352\/2018\/02\/foto-cartell-face-300x212.jpg\" alt=\"\" width=\"528\" height=\"373\" srcset=\"https:\/\/agora.xtec.cat\/ietemple\/wp-content\/uploads\/usu352\/2018\/02\/foto-cartell-face-300x212.jpg 300w, https:\/\/agora.xtec.cat\/ietemple\/wp-content\/uploads\/usu352\/2018\/02\/foto-cartell-face-768x543.jpg 768w, https:\/\/agora.xtec.cat\/ietemple\/wp-content\/uploads\/usu352\/2018\/02\/foto-cartell-face-1024x724.jpg 1024w\" sizes=\"auto, (max-width: 528px) 100vw, 528px\" \/><\/p>\n","protected":false},"excerpt":{"rendered":"<p>Comencem a preparar el nou curs i per aix\u00f2 us oferim la possibilitat de con\u00e8ixer l&#8217;escola a les Jornades de Portes Obertes que estem organitzant per a principis del mes de mar\u00e7. El dia dijous dia 1 a les 19h farem una xerrada informativa i&hellip;  <a href=\"https:\/\/agora.xtec.cat\/ietemple\/general\/jornada-de-portes-obertes\/\" title=\"Read JORNADA DE PORTES OBERTES\">Llegeix m\u00e9s\u00bb<\/a><\/p>\n","protected":false},"author":1,"featured_media":5793,"comment_status":"open","ping_status":"closed","sticky":false,"template":"","format":"standard","meta":{"_bbp_topic_count":0,"_bbp_reply_count":0,"_bbp_total_topic_count":0,"_bbp_total_reply_count":0,"_bbp_voice_count":0,"_bbp_anonymous_reply_count":0,"_bbp_topic_count_hidden":0,"_bbp_reply_count_hidden":0,"_bbp_forum_subforum_count":0,"footnotes":""},"categories":[1,4],"tags":[],"class_list":["post-5794","post","type-post","status-publish","format-standard","has-post-thumbnail","hentry","category-general","category-portada"],"post_mailing_queue_ids":[],"_links":{"self":[{"href":"https:\/\/agora.xtec.cat\/ietemple\/wp-json\/wp\/v2\/posts\/5794","targetHints":{"allow":["GET"]}}],"collection":[{"href":"https:\/\/agora.xtec.cat\/ietemple\/wp-json\/wp\/v2\/posts"}],"about":[{"href":"https:\/\/agora.xtec.cat\/ietemple\/wp-json\/wp\/v2\/types\/post"}],"author":[{"embeddable":true,"href":"https:\/\/agora.xtec.cat\/ietemple\/wp-json\/wp\/v2\/users\/1"}],"replies":[{"embeddable":true,"href":"https:\/\/agora.xtec.cat\/ietemple\/wp-json\/wp\/v2\/comments?post=5794"}],"version-history":[{"count":1,"href":"https:\/\/agora.xtec.cat\/ietemple\/wp-json\/wp\/v2\/posts\/5794\/revisions"}],"predecessor-version":[{"id":5795,"href":"https:\/\/agora.xtec.cat\/ietemple\/wp-json\/wp\/v2\/posts\/5794\/revisions\/5795"}],"wp:featuredmedia":[{"embeddable":true,"href":"https:\/\/agora.xtec.cat\/ietemple\/wp-json\/wp\/v2\/media\/5793"}],"wp:attachment":[{"href":"https:\/\/agora.xtec.cat\/ietemple\/wp-json\/wp\/v2\/media?parent=5794"}],"wp:term":[{"taxonomy":"category","embeddable":true,"href":"https:\/\/agora.xtec.cat\/ietemple\/wp-json\/wp\/v2\/categories?post=5794"},{"taxonomy":"post_tag","embeddable":true,"href":"https:\/\/agora.xtec.cat\/ietemple\/wp-json\/wp\/v2\/tags?post=5794"}],"curies":[{"name":"wp","href":"https:\/\/api.w.org\/{rel}","templated":true}]}}