{"id":5765,"date":"2018-02-01T18:32:11","date_gmt":"2018-02-01T17:32:11","guid":{"rendered":"http:\/\/agora.xtec.cat\/ietemple\/\/?p=5765"},"modified":"2018-02-01T18:32:55","modified_gmt":"2018-02-01T17:32:55","slug":"activitats-de-matematiques-a-p5","status":"publish","type":"post","link":"https:\/\/agora.xtec.cat\/ietemple\/petits\/activitats-de-matematiques-a-p5\/","title":{"rendered":"Activitats de matem\u00e0tiques a P5"},"content":{"rendered":"<div>Durant la primera hora de dimarts 23 i dijous 25, es van dur a terme diverses activitats de l\u2019\u00e0mbit de matem\u00e0tiques a dues aules de P5.<\/div>\n<div>En aquestes sessions es posa en pr\u00e0ctica els coneixements adquirits en l&#8217;assignatura &#8220;Ensenyament i Aprenentatge de les Matem\u00e0tiques&#8221; sobre did\u00e0ctica de les matem\u00e0tiques en els nivells d&#8217;educaci\u00f3 infantil i que t\u00e9 per objectiu adquirir experi\u00e8ncia a l&#8217;aula en relaci\u00f3 amb la did\u00e0ctica.<\/div>\n<div>Per fer-ho, les classes s\u2019iniciaven totes dues amb l\u2019explicaci\u00f3 d\u2019un conte, anomenat \u201cUn llibre\u201d\u00a0 de Herv\u00e9 Tullet i, tot seguit, es realitzaven una s\u00e8rie d\u2019activitats for\u00e7a din\u00e0miques que refor\u00e7aven l\u2019aprenentatge dels n\u00fameros.<\/div>\n<div><a href=\"https:\/\/photos.app.goo.gl\/sOvoxxBy9kajM3wI3\" target=\"_blank\" rel=\"noopener noreferrer\"><img loading=\"lazy\" decoding=\"async\" class=\"aligncenter wp-image-5766 size-medium\" src=\"http:\/\/agora.xtec.cat\/ietemple\/\/wp-content\/uploads\/usu352\/2018\/02\/WhatsApp-Image-2018-01-26-at-13.54.361-300x169.jpeg\" alt=\"\" width=\"300\" height=\"169\" srcset=\"https:\/\/agora.xtec.cat\/ietemple\/wp-content\/uploads\/usu352\/2018\/02\/WhatsApp-Image-2018-01-26-at-13.54.361-300x169.jpeg 300w, https:\/\/agora.xtec.cat\/ietemple\/wp-content\/uploads\/usu352\/2018\/02\/WhatsApp-Image-2018-01-26-at-13.54.361-768x432.jpeg 768w, https:\/\/agora.xtec.cat\/ietemple\/wp-content\/uploads\/usu352\/2018\/02\/WhatsApp-Image-2018-01-26-at-13.54.361-1024x576.jpeg 1024w, https:\/\/agora.xtec.cat\/ietemple\/wp-content\/uploads\/usu352\/2018\/02\/WhatsApp-Image-2018-01-26-at-13.54.361.jpeg 1600w\" sizes=\"auto, (max-width: 300px) 100vw, 300px\" \/><\/a><\/div>\n","protected":false},"excerpt":{"rendered":"<p>Durant la primera hora de dimarts 23 i dijous 25, es van dur a terme diverses activitats de l\u2019\u00e0mbit de matem\u00e0tiques a dues aules de P5.<br \/>\nEn aquestes sessions es posa en pr\u00e0ctica els coneixements adquirits en l&#8217;assignatura &#8220;Ensenyament i Aprenentatge de les Matem\u00e0tiques&#8221; sobre did\u00e0ctica&hellip;  <a href=\"https:\/\/agora.xtec.cat\/ietemple\/petits\/activitats-de-matematiques-a-p5\/\" title=\"Read Activitats de matem\u00e0tiques a P5\">Llegeix m\u00e9s\u00bb<\/a><\/p>\n","protected":false},"author":1,"featured_media":5766,"comment_status":"open","ping_status":"closed","sticky":false,"template":"","format":"standard","meta":{"_bbp_topic_count":0,"_bbp_reply_count":0,"_bbp_total_topic_count":0,"_bbp_total_reply_count":0,"_bbp_voice_count":0,"_bbp_anonymous_reply_count":0,"_bbp_topic_count_hidden":0,"_bbp_reply_count_hidden":0,"_bbp_forum_subforum_count":0,"footnotes":""},"categories":[9,2],"tags":[],"class_list":["post-5765","post","type-post","status-publish","format-standard","has-post-thumbnail","hentry","category-p5","category-petits"],"post_mailing_queue_ids":[],"_links":{"self":[{"href":"https:\/\/agora.xtec.cat\/ietemple\/wp-json\/wp\/v2\/posts\/5765","targetHints":{"allow":["GET"]}}],"collection":[{"href":"https:\/\/agora.xtec.cat\/ietemple\/wp-json\/wp\/v2\/posts"}],"about":[{"href":"https:\/\/agora.xtec.cat\/ietemple\/wp-json\/wp\/v2\/types\/post"}],"author":[{"embeddable":true,"href":"https:\/\/agora.xtec.cat\/ietemple\/wp-json\/wp\/v2\/users\/1"}],"replies":[{"embeddable":true,"href":"https:\/\/agora.xtec.cat\/ietemple\/wp-json\/wp\/v2\/comments?post=5765"}],"version-history":[{"count":1,"href":"https:\/\/agora.xtec.cat\/ietemple\/wp-json\/wp\/v2\/posts\/5765\/revisions"}],"predecessor-version":[{"id":5767,"href":"https:\/\/agora.xtec.cat\/ietemple\/wp-json\/wp\/v2\/posts\/5765\/revisions\/5767"}],"wp:featuredmedia":[{"embeddable":true,"href":"https:\/\/agora.xtec.cat\/ietemple\/wp-json\/wp\/v2\/media\/5766"}],"wp:attachment":[{"href":"https:\/\/agora.xtec.cat\/ietemple\/wp-json\/wp\/v2\/media?parent=5765"}],"wp:term":[{"taxonomy":"category","embeddable":true,"href":"https:\/\/agora.xtec.cat\/ietemple\/wp-json\/wp\/v2\/categories?post=5765"},{"taxonomy":"post_tag","embeddable":true,"href":"https:\/\/agora.xtec.cat\/ietemple\/wp-json\/wp\/v2\/tags?post=5765"}],"curies":[{"name":"wp","href":"https:\/\/api.w.org\/{rel}","templated":true}]}}