{"id":4940,"date":"2017-06-21T07:20:19","date_gmt":"2017-06-21T05:20:19","guid":{"rendered":"http:\/\/agora.xtec.cat\/ietemple\/\/?p=4940"},"modified":"2017-06-21T18:18:19","modified_gmt":"2017-06-21T16:18:19","slug":"festival-de-comiat-dels-alumnes-de-6e","status":"publish","type":"post","link":"https:\/\/agora.xtec.cat\/ietemple\/general\/festival-de-comiat-dels-alumnes-de-6e\/","title":{"rendered":"Festival de Comiat dels alumnes de 6\u00e8"},"content":{"rendered":"<p style=\"text-align: justify;\">Acabem el curs i amb ell els alumnes de 6\u00e8 es despedeixen de la nostra escola. Ha estat una GRAN promoci\u00f3 aquesta del 2008 al 2017. Esperem que el seu cami sigui molt profit\u00f3s d&#8217;ara endavant, almenys tant com ho ha estat en els 9 anys amb nosaltres! FINS AVIAT!<\/p>\n<p>https:\/\/youtu.be\/6LV11gZNjic<\/p>\n<p>Aquest \u00e9s el video de les actuacions a l&#8217;Auditori Felip Pedrell.<\/p>\n<p>https:\/\/youtu.be\/dABswHCzerI<\/p>\n<p>I aquest altre resumeix els 9 anys viscuts a l&#8217;escola per aquest grup de xiquets i xiquetes fant\u00e0stics! US ENYORAREM!<\/p>\n<p><a href=\"https:\/\/goo.gl\/photos\/NnuFUMzoxHfij2vR6\" target=\"_blank\"><img loading=\"lazy\" decoding=\"async\" class=\"alignnone\" src=\"http:\/\/agora.xtec.cat\/ietemple\/\/wp-content\/uploads\/usu352\/2017\/06\/Comiat-6%C3%A8-2017-final4.jpg\" alt=\"Comiat 6\u00e8 2017 final4\" width=\"500\" height=\"339\" \/><\/a><\/p>\n<p>Cliqueu a l&#8217;orla per veure totes les fotografies<\/p>\n<p>&nbsp;<\/p>\n<p>&nbsp;<\/p>\n<p>&nbsp;<\/p>\n<p>&nbsp;<\/p>\n","protected":false},"excerpt":{"rendered":"<p>Acabem el curs i amb ell els alumnes de 6\u00e8 es despedeixen de la nostra escola. Ha estat una GRAN promoci\u00f3 aquesta del 2008 al 2017. Esperem que el seu cami sigui molt profit\u00f3s d&#8217;ara endavant, almenys tant com ho ha estat en els 9&hellip;  <a href=\"https:\/\/agora.xtec.cat\/ietemple\/general\/festival-de-comiat-dels-alumnes-de-6e\/\" title=\"Read Festival de Comiat dels alumnes de 6\u00e8\">Llegeix m\u00e9s\u00bb<\/a><\/p>\n","protected":false},"author":1,"featured_media":4941,"comment_status":"open","ping_status":"closed","sticky":false,"template":"","format":"standard","meta":{"_bbp_topic_count":0,"_bbp_reply_count":0,"_bbp_total_topic_count":0,"_bbp_total_reply_count":0,"_bbp_voice_count":0,"_bbp_anonymous_reply_count":0,"_bbp_topic_count_hidden":0,"_bbp_reply_count_hidden":0,"_bbp_forum_subforum_count":0,"footnotes":""},"categories":[1,4,15],"tags":[],"class_list":["post-4940","post","type-post","status-publish","format-standard","has-post-thumbnail","hentry","category-general","category-portada","category-6e"],"post_mailing_queue_ids":[],"_links":{"self":[{"href":"https:\/\/agora.xtec.cat\/ietemple\/wp-json\/wp\/v2\/posts\/4940","targetHints":{"allow":["GET"]}}],"collection":[{"href":"https:\/\/agora.xtec.cat\/ietemple\/wp-json\/wp\/v2\/posts"}],"about":[{"href":"https:\/\/agora.xtec.cat\/ietemple\/wp-json\/wp\/v2\/types\/post"}],"author":[{"embeddable":true,"href":"https:\/\/agora.xtec.cat\/ietemple\/wp-json\/wp\/v2\/users\/1"}],"replies":[{"embeddable":true,"href":"https:\/\/agora.xtec.cat\/ietemple\/wp-json\/wp\/v2\/comments?post=4940"}],"version-history":[{"count":3,"href":"https:\/\/agora.xtec.cat\/ietemple\/wp-json\/wp\/v2\/posts\/4940\/revisions"}],"predecessor-version":[{"id":4946,"href":"https:\/\/agora.xtec.cat\/ietemple\/wp-json\/wp\/v2\/posts\/4940\/revisions\/4946"}],"wp:featuredmedia":[{"embeddable":true,"href":"https:\/\/agora.xtec.cat\/ietemple\/wp-json\/wp\/v2\/media\/4941"}],"wp:attachment":[{"href":"https:\/\/agora.xtec.cat\/ietemple\/wp-json\/wp\/v2\/media?parent=4940"}],"wp:term":[{"taxonomy":"category","embeddable":true,"href":"https:\/\/agora.xtec.cat\/ietemple\/wp-json\/wp\/v2\/categories?post=4940"},{"taxonomy":"post_tag","embeddable":true,"href":"https:\/\/agora.xtec.cat\/ietemple\/wp-json\/wp\/v2\/tags?post=4940"}],"curies":[{"name":"wp","href":"https:\/\/api.w.org\/{rel}","templated":true}]}}