{"id":4676,"date":"2018-05-18T10:02:06","date_gmt":"2018-05-18T08:02:06","guid":{"rendered":"http:\/\/agora.xtec.cat\/ietemple\/\/?p=4676"},"modified":"2018-05-18T11:31:43","modified_gmt":"2018-05-18T09:31:43","slug":"sortida-de-1r-al-delfinari","status":"publish","type":"post","link":"https:\/\/agora.xtec.cat\/ietemple\/general\/sortida-de-1r-al-delfinari\/","title":{"rendered":"Sortida de 1r al Delfinari"},"content":{"rendered":"<p style=\"text-align: justify;\">Un any m\u00e9s, els xiquets de 1r visiten\u00a0el delfinari que es troba a la ciutat de Salou. Tindran l&#8217;oportunitat\u00a0de descobrir les seves instal\u00b7lacions i aprendran moltes coses sobre aquests simp\u00e0tics animals.<\/p>\n<p style=\"text-align: justify;\">El complex est\u00e0 format per una amplia graderia per veure c\u00f2modament les exhibicions. Consta tamb\u00e9 de sis piscines: dos d\u2019entrenaments, una de reproducci\u00f3, una de tractaments veterinaris i una especial per als joves lleons marins i per \u00faltim la de l\u2019exhibici\u00f3. Aquesta \u00faltima t\u00e9 una gran pantalla de vidre que recorre tot el dofinari i permet observar de prop i sota de l\u2019aigua els seus salts, agilitat, destresa i anatomia. Assistiran\u00a0a l\u2019exhibici\u00f3 on, a m\u00e9s de passar una estona entretinguda, aprendran\u00a0m\u00e9s sobre aquests meravellosos i simp\u00e0tics animals marins i la import\u00e0ncia de cuidar el medi ambient per ajudar-los.<\/p>\n<p style=\"text-align: justify;\">Podeu veure totes les imatges clicant\u00a0<a href=\"https:\/\/photos.app.goo.gl\/htCi6derN5RBd8gp1\" target=\"_blank\" rel=\"noopener noreferrer\">aqu\u00ed.<\/a><\/p>\n<p>&nbsp;<\/p>\n<p><a href=\"https:\/\/photos.app.goo.gl\/htCi6derN5RBd8gp1\" target=\"_blank\" rel=\"noopener noreferrer\"><img loading=\"lazy\" decoding=\"async\" class=\"alignnone\" src=\"https:\/\/lh3.googleusercontent.com\/cT8rx71hS5IxjurPpb2IZRJ0Dj64RvOUNVO41x8sFuCor3Qn1-6sYbLoaUEtmyWMqtcev2X5hXp5wySc3G7b3KICFGMG4WoF_KQL7JCwxn2XWzDLk3ihR1JoFGcE547PzKOo8DWdupDy61xobQJ7wNbTc2e_hUhPf8PLr0tva_3rjX4hAWQHGMYQ2S_hZysVq5DucspMhk4hJAVqscQH4i1rRxoBfFPJSfPFtRK1XFVRtIRETLV42fJwOiwFrOcq0UdHcGpD3svUizB4j1xKTCsyHWgHq75lyC6ZNQbPBw8kffKpu19DRQUXsi27bSGpIoKWWihZX6C6k5OCjCyMwUJOXlq2yIDNcunSdARqd-whJgamBQ9efH-LbkP0VXYQJrd-oiNdTNXsvaNhtZqOtqG1fh0sAX_zyliI1NUhLRoy2-Mwye_OuNBZsHWKbdvtxLblQ-xYaawkT1tP8yx6X7biU34V0nWQUOgDKLkwU_GIZeAorwksYPfrs6xauckX5RwEGK-IN42Bw9YZWBjJ-t_ZojYSiTF13Qv5s4VQ07D796HI5zwEHvbRi_JO6GpmLw_HcnHx_extpAiUrtEtLbeSXqKWaAa9ZogJ3lE=w1160-h870-no\" alt=\"\" width=\"1160\" height=\"870\" \/><\/a><\/p>\n","protected":false},"excerpt":{"rendered":"<p>Un any m\u00e9s, els xiquets de 1r visiten\u00a0el delfinari que es troba a la ciutat de Salou. Tindran l&#8217;oportunitat\u00a0de descobrir les seves instal\u00b7lacions i aprendran moltes coses sobre aquests simp\u00e0tics animals.<br \/>\nEl complex est\u00e0 format per una amplia graderia per veure c\u00f2modament les exhibicions. Consta tamb\u00e9&hellip;  <a href=\"https:\/\/agora.xtec.cat\/ietemple\/general\/sortida-de-1r-al-delfinari\/\" title=\"Read Sortida de 1r al Delfinari\">Llegeix m\u00e9s\u00bb<\/a><\/p>\n","protected":false},"author":1,"featured_media":6129,"comment_status":"open","ping_status":"closed","sticky":false,"template":"","format":"standard","meta":{"_bbp_topic_count":0,"_bbp_reply_count":0,"_bbp_total_topic_count":0,"_bbp_total_reply_count":0,"_bbp_voice_count":0,"_bbp_anonymous_reply_count":0,"_bbp_topic_count_hidden":0,"_bbp_reply_count_hidden":0,"_bbp_forum_subforum_count":0,"footnotes":""},"categories":[1,4,10],"tags":[],"class_list":["post-4676","post","type-post","status-publish","format-standard","has-post-thumbnail","hentry","category-general","category-portada","category-1r"],"post_mailing_queue_ids":[],"_links":{"self":[{"href":"https:\/\/agora.xtec.cat\/ietemple\/wp-json\/wp\/v2\/posts\/4676","targetHints":{"allow":["GET"]}}],"collection":[{"href":"https:\/\/agora.xtec.cat\/ietemple\/wp-json\/wp\/v2\/posts"}],"about":[{"href":"https:\/\/agora.xtec.cat\/ietemple\/wp-json\/wp\/v2\/types\/post"}],"author":[{"embeddable":true,"href":"https:\/\/agora.xtec.cat\/ietemple\/wp-json\/wp\/v2\/users\/1"}],"replies":[{"embeddable":true,"href":"https:\/\/agora.xtec.cat\/ietemple\/wp-json\/wp\/v2\/comments?post=4676"}],"version-history":[{"count":5,"href":"https:\/\/agora.xtec.cat\/ietemple\/wp-json\/wp\/v2\/posts\/4676\/revisions"}],"predecessor-version":[{"id":6128,"href":"https:\/\/agora.xtec.cat\/ietemple\/wp-json\/wp\/v2\/posts\/4676\/revisions\/6128"}],"wp:featuredmedia":[{"embeddable":true,"href":"https:\/\/agora.xtec.cat\/ietemple\/wp-json\/wp\/v2\/media\/6129"}],"wp:attachment":[{"href":"https:\/\/agora.xtec.cat\/ietemple\/wp-json\/wp\/v2\/media?parent=4676"}],"wp:term":[{"taxonomy":"category","embeddable":true,"href":"https:\/\/agora.xtec.cat\/ietemple\/wp-json\/wp\/v2\/categories?post=4676"},{"taxonomy":"post_tag","embeddable":true,"href":"https:\/\/agora.xtec.cat\/ietemple\/wp-json\/wp\/v2\/tags?post=4676"}],"curies":[{"name":"wp","href":"https:\/\/api.w.org\/{rel}","templated":true}]}}