{"id":9931,"date":"2024-04-26T12:11:20","date_gmt":"2024-04-26T10:11:20","guid":{"rendered":"https:\/\/agora.xtec.cat\/iesvplantada\/?p=9931"},"modified":"2024-04-29T12:27:45","modified_gmt":"2024-04-29T10:27:45","slug":"doblatge-de-pellicules-a-les-classes-de-llati","status":"publish","type":"post","link":"https:\/\/agora.xtec.cat\/iesvplantada\/eso\/eso-4\/doblatge-de-pellicules-a-les-classes-de-llati\/","title":{"rendered":"Doblatge de pel\u00b7l\u00edcules a les classes de llat\u00ed"},"content":{"rendered":"<p>Us presentem una s\u00e8rie de clips de pel\u00b7l\u00edcules doblades en la llengua de Juli C\u00e8sar, el llat\u00ed. Aquest projecte t\u00e9 com a objectiu donar vida a aquesta llengua, fent-la activa i viva. L&#8217;alumnat de 4t d&#8217;ESO s&#8217;ha esfor\u00e7at per obtenir un resultat digne donat la dificultat que implicava aquesta tasca. Feliciter, discipuli et discipulae!<\/p>\n<p><iframe loading=\"lazy\" width=\"640\" height=\"360\" src=\"https:\/\/www.youtube.com\/embed\/50p4UMVFtT4\" title=\"Doblatge 1\" frameborder=\"0\" allow=\"accelerometer; autoplay; clipboard-write; encrypted-media; gyroscope; picture-in-picture; web-share\" referrerpolicy=\"strict-origin-when-cross-origin\" allowfullscreen><\/iframe><\/p>\n<p><iframe loading=\"lazy\" width=\"742\" height=\"343\" src=\"https:\/\/www.youtube.com\/embed\/4-9gW3su_kY\" title=\"Doblatge 2\" frameborder=\"0\" allow=\"accelerometer; autoplay; clipboard-write; encrypted-media; gyroscope; picture-in-picture; web-share\" referrerpolicy=\"strict-origin-when-cross-origin\" allowfullscreen><\/iframe><\/p>\n<p><iframe loading=\"lazy\" width=\"651\" height=\"343\" src=\"https:\/\/www.youtube.com\/embed\/WY4uKLKa7vo\" title=\"Doblatge 3\" frameborder=\"0\" allow=\"accelerometer; autoplay; clipboard-write; encrypted-media; gyroscope; picture-in-picture; web-share\" referrerpolicy=\"strict-origin-when-cross-origin\" allowfullscreen><\/iframe><\/p>\n","protected":false},"excerpt":{"rendered":"<p>Us presentem una s\u00e8rie de clips de pel\u00b7l\u00edcules doblades en la llengua de Juli C\u00e8sar, el llat\u00ed. Aquest projecte t\u00e9 com a objectiu donar vida a aquesta llengua, fent-la activa i viva. L&#8217;alumnat de 4t d&#8217;ESO s&#8217;ha esfor\u00e7at per obtenir un resultat digne donat la dificultat que implicava aquesta tasca. Feliciter, discipuli et discipulae!<\/p>\n","protected":false},"author":137,"featured_media":9932,"comment_status":"open","ping_status":"closed","sticky":false,"template":"","format":"standard","meta":{"_bbp_topic_count":0,"_bbp_reply_count":0,"_bbp_total_topic_count":0,"_bbp_total_reply_count":0,"_bbp_voice_count":0,"_bbp_anonymous_reply_count":0,"_bbp_topic_count_hidden":0,"_bbp_reply_count_hidden":0,"_bbp_forum_subforum_count":0,"site-sidebar-layout":"default","site-content-layout":"","ast-site-content-layout":"","site-content-style":"default","site-sidebar-style":"default","ast-global-header-display":"","ast-banner-title-visibility":"","ast-main-header-display":"","ast-hfb-above-header-display":"","ast-hfb-below-header-display":"","ast-hfb-mobile-header-display":"","site-post-title":"","ast-breadcrumbs-content":"","ast-featured-img":"","footer-sml-layout":"","theme-transparent-header-meta":"","adv-header-id-meta":"","stick-header-meta":"","header-above-stick-meta":"","header-main-stick-meta":"","header-below-stick-meta":"","astra-migrate-meta-layouts":"default","ast-page-background-enabled":"default","ast-page-background-meta":{"desktop":{"background-color":"var(--ast-global-color-4)","background-image":"","background-repeat":"repeat","background-position":"center center","background-size":"auto","background-attachment":"scroll","background-type":"","background-media":"","overlay-type":"","overlay-color":"","overlay-opacity":"","overlay-gradient":""},"tablet":{"background-color":"","background-image":"","background-repeat":"repeat","background-position":"center center","background-size":"auto","background-attachment":"scroll","background-type":"","background-media":"","overlay-type":"","overlay-color":"","overlay-opacity":"","overlay-gradient":""},"mobile":{"background-color":"","background-image":"","background-repeat":"repeat","background-position":"center center","background-size":"auto","background-attachment":"scroll","background-type":"","background-media":"","overlay-type":"","overlay-color":"","overlay-opacity":"","overlay-gradient":""}},"ast-content-background-meta":{"desktop":{"background-color":"var(--ast-global-color-5)","background-image":"","background-repeat":"repeat","background-position":"center center","background-size":"auto","background-attachment":"scroll","background-type":"","background-media":"","overlay-type":"","overlay-color":"","overlay-opacity":"","overlay-gradient":""},"tablet":{"background-color":"var(--ast-global-color-5)","background-image":"","background-repeat":"repeat","background-position":"center center","background-size":"auto","background-attachment":"scroll","background-type":"","background-media":"","overlay-type":"","overlay-color":"","overlay-opacity":"","overlay-gradient":""},"mobile":{"background-color":"var(--ast-global-color-5)","background-image":"","background-repeat":"repeat","background-position":"center center","background-size":"auto","background-attachment":"scroll","background-type":"","background-media":"","overlay-type":"","overlay-color":"","overlay-opacity":"","overlay-gradient":""}},"footnotes":""},"categories":[92,7,29],"tags":[],"class_list":["post-9931","post","type-post","status-publish","format-standard","has-post-thumbnail","hentry","category-classiques","category-eso-4","category-portada"],"post_mailing_queue_ids":[],"_links":{"self":[{"href":"https:\/\/agora.xtec.cat\/iesvplantada\/wp-json\/wp\/v2\/posts\/9931","targetHints":{"allow":["GET"]}}],"collection":[{"href":"https:\/\/agora.xtec.cat\/iesvplantada\/wp-json\/wp\/v2\/posts"}],"about":[{"href":"https:\/\/agora.xtec.cat\/iesvplantada\/wp-json\/wp\/v2\/types\/post"}],"author":[{"embeddable":true,"href":"https:\/\/agora.xtec.cat\/iesvplantada\/wp-json\/wp\/v2\/users\/137"}],"replies":[{"embeddable":true,"href":"https:\/\/agora.xtec.cat\/iesvplantada\/wp-json\/wp\/v2\/comments?post=9931"}],"version-history":[{"count":1,"href":"https:\/\/agora.xtec.cat\/iesvplantada\/wp-json\/wp\/v2\/posts\/9931\/revisions"}],"predecessor-version":[{"id":9933,"href":"https:\/\/agora.xtec.cat\/iesvplantada\/wp-json\/wp\/v2\/posts\/9931\/revisions\/9933"}],"wp:featuredmedia":[{"embeddable":true,"href":"https:\/\/agora.xtec.cat\/iesvplantada\/wp-json\/wp\/v2\/media\/9932"}],"wp:attachment":[{"href":"https:\/\/agora.xtec.cat\/iesvplantada\/wp-json\/wp\/v2\/media?parent=9931"}],"wp:term":[{"taxonomy":"category","embeddable":true,"href":"https:\/\/agora.xtec.cat\/iesvplantada\/wp-json\/wp\/v2\/categories?post=9931"},{"taxonomy":"post_tag","embeddable":true,"href":"https:\/\/agora.xtec.cat\/iesvplantada\/wp-json\/wp\/v2\/tags?post=9931"}],"curies":[{"name":"wp","href":"https:\/\/api.w.org\/{rel}","templated":true}]}}