{"id":11446,"date":"2026-04-28T13:36:04","date_gmt":"2026-04-28T11:36:04","guid":{"rendered":"https:\/\/agora.xtec.cat\/iesvplantada\/?p=11446"},"modified":"2026-04-28T13:36:04","modified_gmt":"2026-04-28T11:36:04","slug":"segona-part-de-lintercanvi-a-normandia-4t-eso","status":"publish","type":"post","link":"https:\/\/agora.xtec.cat\/iesvplantada\/eso\/eso-4\/segona-part-de-lintercanvi-a-normandia-4t-eso\/","title":{"rendered":"Segona part de l&#8217;intercanvi a Normandia (4t ESO)"},"content":{"rendered":"<p>Com cada curs, l\u2019alumnat del Lyc\u00e9e Salvador Allende, d&#8217;H\u00e9rouville-Saint-Clair, participa en un intercanvi ling\u00fc\u00edstic amb estudiants de 4t d\u2019ESO del nostre institut.<\/p>\n<p>Aquesta experi\u00e8ncia, que tindr\u00e0 una durada de cinc setmanes, permetr\u00e0 als joves francesos conviure amb fam\u00edlies catalanes i con\u00e8ixer de prop la cultura i el nostre sistema educatiu.<\/p>\n<p>Durant la seva estada, els alumnes assisteixen a classes al nostre institut i comparteixen el dia a dia amb els seus companys catalans. Aquest tipus d\u2019intercanvis tenen com a objectiu principal millorar les compet\u00e8ncies ling\u00fc\u00edstiques i fomentar la conviv\u00e8ncia entre cultures diferents.<\/p>\n<p>A m\u00e9s de l\u2019activitat acad\u00e8mica, els estudiants participaran en diverses sortides i activitats culturals per descobrir Mollet, Barcelona i el seu entorn. Tamb\u00e9 tindran l&#8217;oportunitat de visitar altres llocs amb el seu alumnat agermanat i les seves fam\u00edlies.<\/p>\n<p>Aquest intercanvi forma part d\u2019un projecte educatiu m\u00e9s ampli que impulsen el nostre centre i diferents centres francesos, per promoure l&#8217;aprenentatge de lleng\u00fces i l&#8217;obertura internacional dels alumnes. De fet, aquests programes permeten als estudiants viure situacions reals que reforcen l&#8217;\u00fas de la llengua i afavoreixen el creixement personal.<\/p>\n<p>Gr\u00e0cies a tot el professorat que ha participat directament o indirectament, adaptant materials i metodologies did\u00e0ctiques per integrar-los a les seves classes.<\/p>\n<p>Cada any, l\u2019experi\u00e8ncia resulta molt positiva i enriquidora per a tots els participants, ja que creen vincles i amplien la seva visi\u00f3 del m\u00f3n. Sens dubte, aquesta estada a Catalunya es convertir\u00e0 en un record inesborrable per als cinc alumnes de Normandia: Lolla, Galat\u00e9e, Z\u00e9lie, Pablo i Lubin.<\/p>\n<p><a href=\"https:\/\/agora.xtec.cat\/iesvplantada\/wp-content\/uploads\/usu537\/2026\/04\/Normandia2.png\"><img loading=\"lazy\" decoding=\"async\" class=\"alignleft size-full wp-image-11448\" src=\"https:\/\/agora.xtec.cat\/iesvplantada\/wp-content\/uploads\/usu537\/2026\/04\/Normandia2.png\" alt=\"\" width=\"1024\" height=\"688\" srcset=\"https:\/\/agora.xtec.cat\/iesvplantada\/wp-content\/uploads\/usu537\/2026\/04\/Normandia2.png 1024w, https:\/\/agora.xtec.cat\/iesvplantada\/wp-content\/uploads\/usu537\/2026\/04\/Normandia2-300x202.png 300w, https:\/\/agora.xtec.cat\/iesvplantada\/wp-content\/uploads\/usu537\/2026\/04\/Normandia2-768x516.png 768w\" sizes=\"auto, (max-width: 1024px) 100vw, 1024px\" \/><\/a><\/p>\n","protected":false},"excerpt":{"rendered":"<p>Com cada curs, l\u2019alumnat del Lyc\u00e9e Salvador Allende, d&#8217;H\u00e9rouville-Saint-Clair, participa en un intercanvi ling\u00fc\u00edstic amb estudiants de 4t d\u2019ESO del nostre institut.<br \/>\nAquesta experi\u00e8ncia, que tindr\u00e0 una durada de cinc setmanes, permetr\u00e0 als joves francesos conviure amb fam\u00edlies catalanes i con\u00e8ixer de prop la cultura i&hellip;  <a href=\"https:\/\/agora.xtec.cat\/iesvplantada\/eso\/eso-4\/segona-part-de-lintercanvi-a-normandia-4t-eso\/\" title=\"Read Segona part de l&#8217;intercanvi a Normandia (4t ESO)\">Llegeix m\u00e9s\u00bb<\/a><\/p>\n","protected":false},"author":113,"featured_media":11447,"comment_status":"open","ping_status":"open","sticky":false,"template":"","format":"standard","meta":{"_bbp_topic_count":0,"_bbp_reply_count":0,"_bbp_total_topic_count":0,"_bbp_total_reply_count":0,"_bbp_voice_count":0,"_bbp_anonymous_reply_count":0,"_bbp_topic_count_hidden":0,"_bbp_reply_count_hidden":0,"_bbp_forum_subforum_count":0,"footnotes":""},"categories":[86,7,104,29,130],"tags":[],"class_list":["post-11446","post","type-post","status-publish","format-standard","has-post-thumbnail","hentry","category-columbus","category-eso-4","category-frances","category-portada","category-sortides-i-activitats"],"post_mailing_queue_ids":[],"_links":{"self":[{"href":"https:\/\/agora.xtec.cat\/iesvplantada\/wp-json\/wp\/v2\/posts\/11446","targetHints":{"allow":["GET"]}}],"collection":[{"href":"https:\/\/agora.xtec.cat\/iesvplantada\/wp-json\/wp\/v2\/posts"}],"about":[{"href":"https:\/\/agora.xtec.cat\/iesvplantada\/wp-json\/wp\/v2\/types\/post"}],"author":[{"embeddable":true,"href":"https:\/\/agora.xtec.cat\/iesvplantada\/wp-json\/wp\/v2\/users\/113"}],"replies":[{"embeddable":true,"href":"https:\/\/agora.xtec.cat\/iesvplantada\/wp-json\/wp\/v2\/comments?post=11446"}],"version-history":[{"count":1,"href":"https:\/\/agora.xtec.cat\/iesvplantada\/wp-json\/wp\/v2\/posts\/11446\/revisions"}],"predecessor-version":[{"id":11449,"href":"https:\/\/agora.xtec.cat\/iesvplantada\/wp-json\/wp\/v2\/posts\/11446\/revisions\/11449"}],"wp:featuredmedia":[{"embeddable":true,"href":"https:\/\/agora.xtec.cat\/iesvplantada\/wp-json\/wp\/v2\/media\/11447"}],"wp:attachment":[{"href":"https:\/\/agora.xtec.cat\/iesvplantada\/wp-json\/wp\/v2\/media?parent=11446"}],"wp:term":[{"taxonomy":"category","embeddable":true,"href":"https:\/\/agora.xtec.cat\/iesvplantada\/wp-json\/wp\/v2\/categories?post=11446"},{"taxonomy":"post_tag","embeddable":true,"href":"https:\/\/agora.xtec.cat\/iesvplantada\/wp-json\/wp\/v2\/tags?post=11446"}],"curies":[{"name":"wp","href":"https:\/\/api.w.org\/{rel}","templated":true}]}}