{"id":11441,"date":"2026-03-23T09:55:36","date_gmt":"2026-03-23T08:55:36","guid":{"rendered":"https:\/\/agora.xtec.cat\/iesvplantada\/?p=11441"},"modified":"2026-04-22T09:58:54","modified_gmt":"2026-04-22T07:58:54","slug":"lalumnat-dhistoria-de-lart-de-2n-de-batxillerat-descobreix-el-modernisme-a-barcelona","status":"publish","type":"post","link":"https:\/\/agora.xtec.cat\/iesvplantada\/portada\/lalumnat-dhistoria-de-lart-de-2n-de-batxillerat-descobreix-el-modernisme-a-barcelona\/","title":{"rendered":"L\u2019alumnat d\u2019Hist\u00f2ria de l\u2019Art de 2n de Batxillerat descobreix el modernisme a Barcelona"},"content":{"rendered":"<p data-pm-slice=\"0 0 []\">El passat 23 de mar\u00e7, els estudiants de 2n de Batxillerat, que cursen la mat\u00e8ria d&#8217;Hist\u00f2ria de l&#8217;Art, van fer una sortida a Barcelona amb l\u2019objectiu d\u2019aprofundir en el modernisme, un dels moviments art\u00edstics m\u00e9s rellevants de la ciutat.<\/p>\n<p>Van fer una visita guiada a l&#8217;edifici de la Pedrera, obra emblem\u00e0tica d\u2019Antoni Gaud\u00ed, on van poder rec\u00f3rrer espais com\u00a0 els patis interiors, els terrats amb les conegudes xemeneies, les golfes i\u00a0 l\u2019interior d\u2019un habitatge burg\u00e8s. A m\u00e9s, van poder observar\u00a0 elements propis del modernisme de Gaud\u00ed, com la t\u00e8cnica del trencad\u00eds, el ferro forjat o\u00a0 els arcs parab\u00f2lics.<\/p>\n<p>Tamb\u00e9 van fer una ruta per l&#8217;Eixample, durant la qual van\u00a0 identificar i analitzar alguns dels edificis modernistes m\u00e9s representatius de Barcelona com,\u00a0 la Casa Amatller, la Casa Batll\u00f3, la Casa Lle\u00f3 i Morera\u2026<\/p>\n<p>Us deixem unes fotografies perqu\u00e8 en gaudiu.<\/p>\n<p><a href=\"https:\/\/agora.xtec.cat\/iesvplantada\/wp-content\/uploads\/usu537\/2026\/04\/IMG-20260421-WA0000.jpg\"><img loading=\"lazy\" decoding=\"async\" class=\"alignleft size-large wp-image-11442\" src=\"https:\/\/agora.xtec.cat\/iesvplantada\/wp-content\/uploads\/usu537\/2026\/04\/IMG-20260421-WA0000-576x1024.jpg\" alt=\"\" width=\"576\" height=\"1024\" srcset=\"https:\/\/agora.xtec.cat\/iesvplantada\/wp-content\/uploads\/usu537\/2026\/04\/IMG-20260421-WA0000-576x1024.jpg 576w, https:\/\/agora.xtec.cat\/iesvplantada\/wp-content\/uploads\/usu537\/2026\/04\/IMG-20260421-WA0000-169x300.jpg 169w, https:\/\/agora.xtec.cat\/iesvplantada\/wp-content\/uploads\/usu537\/2026\/04\/IMG-20260421-WA0000-768x1365.jpg 768w, https:\/\/agora.xtec.cat\/iesvplantada\/wp-content\/uploads\/usu537\/2026\/04\/IMG-20260421-WA0000-864x1536.jpg 864w, https:\/\/agora.xtec.cat\/iesvplantada\/wp-content\/uploads\/usu537\/2026\/04\/IMG-20260421-WA0000.jpg 900w\" sizes=\"auto, (max-width: 576px) 100vw, 576px\" \/><\/a> <a href=\"https:\/\/agora.xtec.cat\/iesvplantada\/wp-content\/uploads\/usu537\/2026\/04\/IMG-20260421-WA0001.jpg\"><img loading=\"lazy\" decoding=\"async\" class=\"alignleft size-large wp-image-11443\" src=\"https:\/\/agora.xtec.cat\/iesvplantada\/wp-content\/uploads\/usu537\/2026\/04\/IMG-20260421-WA0001-1024x576.jpg\" alt=\"\" width=\"1024\" height=\"576\" srcset=\"https:\/\/agora.xtec.cat\/iesvplantada\/wp-content\/uploads\/usu537\/2026\/04\/IMG-20260421-WA0001-1024x576.jpg 1024w, https:\/\/agora.xtec.cat\/iesvplantada\/wp-content\/uploads\/usu537\/2026\/04\/IMG-20260421-WA0001-300x169.jpg 300w, https:\/\/agora.xtec.cat\/iesvplantada\/wp-content\/uploads\/usu537\/2026\/04\/IMG-20260421-WA0001-768x432.jpg 768w, https:\/\/agora.xtec.cat\/iesvplantada\/wp-content\/uploads\/usu537\/2026\/04\/IMG-20260421-WA0001-1536x864.jpg 1536w, https:\/\/agora.xtec.cat\/iesvplantada\/wp-content\/uploads\/usu537\/2026\/04\/IMG-20260421-WA0001.jpg 1600w\" sizes=\"auto, (max-width: 1024px) 100vw, 1024px\" \/><\/a><\/p>\n","protected":false},"excerpt":{"rendered":"<p>El passat 23 de mar\u00e7, els estudiants de 2n de Batxillerat, que cursen la mat\u00e8ria d&#8217;Hist\u00f2ria de l&#8217;Art, van fer una sortida a Barcelona amb l\u2019objectiu d\u2019aprofundir en el modernisme, un dels moviments art\u00edstics m\u00e9s rellevants de la ciutat.<br \/>\nVan fer una visita guiada a l&#8217;edifici&hellip;  <a href=\"https:\/\/agora.xtec.cat\/iesvplantada\/portada\/lalumnat-dhistoria-de-lart-de-2n-de-batxillerat-descobreix-el-modernisme-a-barcelona\/\" title=\"Read L\u2019alumnat d\u2019Hist\u00f2ria de l\u2019Art de 2n de Batxillerat descobreix el modernisme a Barcelona\">Llegeix m\u00e9s\u00bb<\/a><\/p>\n","protected":false},"author":28,"featured_media":11444,"comment_status":"open","ping_status":"open","sticky":false,"template":"","format":"standard","meta":{"_bbp_topic_count":0,"_bbp_reply_count":0,"_bbp_total_topic_count":0,"_bbp_total_reply_count":0,"_bbp_voice_count":0,"_bbp_anonymous_reply_count":0,"_bbp_topic_count_hidden":0,"_bbp_reply_count_hidden":0,"_bbp_forum_subforum_count":0,"footnotes":""},"categories":[69,311,29,130],"tags":[],"class_list":["post-11441","post","type-post","status-publish","format-standard","has-post-thumbnail","hentry","category-2n-de-batxillerat","category-geografia-historia","category-portada","category-sortides-i-activitats"],"post_mailing_queue_ids":[],"_links":{"self":[{"href":"https:\/\/agora.xtec.cat\/iesvplantada\/wp-json\/wp\/v2\/posts\/11441","targetHints":{"allow":["GET"]}}],"collection":[{"href":"https:\/\/agora.xtec.cat\/iesvplantada\/wp-json\/wp\/v2\/posts"}],"about":[{"href":"https:\/\/agora.xtec.cat\/iesvplantada\/wp-json\/wp\/v2\/types\/post"}],"author":[{"embeddable":true,"href":"https:\/\/agora.xtec.cat\/iesvplantada\/wp-json\/wp\/v2\/users\/28"}],"replies":[{"embeddable":true,"href":"https:\/\/agora.xtec.cat\/iesvplantada\/wp-json\/wp\/v2\/comments?post=11441"}],"version-history":[{"count":1,"href":"https:\/\/agora.xtec.cat\/iesvplantada\/wp-json\/wp\/v2\/posts\/11441\/revisions"}],"predecessor-version":[{"id":11445,"href":"https:\/\/agora.xtec.cat\/iesvplantada\/wp-json\/wp\/v2\/posts\/11441\/revisions\/11445"}],"wp:featuredmedia":[{"embeddable":true,"href":"https:\/\/agora.xtec.cat\/iesvplantada\/wp-json\/wp\/v2\/media\/11444"}],"wp:attachment":[{"href":"https:\/\/agora.xtec.cat\/iesvplantada\/wp-json\/wp\/v2\/media?parent=11441"}],"wp:term":[{"taxonomy":"category","embeddable":true,"href":"https:\/\/agora.xtec.cat\/iesvplantada\/wp-json\/wp\/v2\/categories?post=11441"},{"taxonomy":"post_tag","embeddable":true,"href":"https:\/\/agora.xtec.cat\/iesvplantada\/wp-json\/wp\/v2\/tags?post=11441"}],"curies":[{"name":"wp","href":"https:\/\/api.w.org\/{rel}","templated":true}]}}