{"id":11382,"date":"2026-04-08T11:56:28","date_gmt":"2026-04-08T09:56:28","guid":{"rendered":"https:\/\/agora.xtec.cat\/iesvplantada\/?p=11382"},"modified":"2026-04-10T12:11:25","modified_gmt":"2026-04-10T10:11:25","slug":"bienvenue-aux-eleves-de-batxibac-francais","status":"publish","type":"post","link":"https:\/\/agora.xtec.cat\/iesvplantada\/portada\/bienvenue-aux-eleves-de-batxibac-francais\/","title":{"rendered":"Bienvenue aux \u00e9l\u00e8ves de Batxibac fran\u00e7ais!"},"content":{"rendered":"<p>Ens fa il\u00b7lusi\u00f3 haver rebut aquest dimarts els alumnes de l&#8217;intercanvi de Batxibac a l&#8217;aeroport de Barcelona-El Prat-Josep Taradellas.<\/p>\n<p>Aix\u00ed que, despr\u00e9s que els nostres alumnes de 1r de Batxillerat, del programa Batxibac1 , hagin estat 1 mes a la regi\u00f3 de Pays de la Loire a Fran\u00e7a (a prop de Nantes), els alumnes corresponents francesos seguiran les classes al nostre institut durant 1 mes, per a fer una immersi\u00f3 acad\u00e8mic, ling\u00fc\u00edstica i cultural a Mollet del Vall\u00e8s.<\/p>\n<p>Bonne chance et bon s\u00e9jour!<\/p>\n<p><a href=\"https:\/\/agora.xtec.cat\/iesvplantada\/wp-content\/uploads\/usu537\/2026\/04\/FotoIntercanvi.png\"><img loading=\"lazy\" decoding=\"async\" class=\"alignleft size-full wp-image-11384\" src=\"https:\/\/agora.xtec.cat\/iesvplantada\/wp-content\/uploads\/usu537\/2026\/04\/FotoIntercanvi.png\" alt=\"\" width=\"1024\" height=\"768\" srcset=\"https:\/\/agora.xtec.cat\/iesvplantada\/wp-content\/uploads\/usu537\/2026\/04\/FotoIntercanvi.png 1024w, https:\/\/agora.xtec.cat\/iesvplantada\/wp-content\/uploads\/usu537\/2026\/04\/FotoIntercanvi-300x225.png 300w, https:\/\/agora.xtec.cat\/iesvplantada\/wp-content\/uploads\/usu537\/2026\/04\/FotoIntercanvi-768x576.png 768w, https:\/\/agora.xtec.cat\/iesvplantada\/wp-content\/uploads\/usu537\/2026\/04\/FotoIntercanvi-200x150.png 200w\" sizes=\"auto, (max-width: 1024px) 100vw, 1024px\" \/><\/a><\/p>\n","protected":false},"excerpt":{"rendered":"<p>Ens fa il\u00b7lusi\u00f3 haver rebut aquest dimarts els alumnes de l&#8217;intercanvi de Batxibac a l&#8217;aeroport de Barcelona-El Prat-Josep Taradellas. Aix\u00ed que, despr\u00e9s que els nostres alumnes de 1r de Batxillerat, del programa Batxibac1 , hagin estat 1 mes a la regi\u00f3 de Pays de la Loire a Fran\u00e7a (a prop de Nantes), els alumnes corresponents [&hellip;]<\/p>\n","protected":false},"author":85,"featured_media":11383,"comment_status":"open","ping_status":"open","sticky":false,"template":"","format":"standard","meta":{"_bbp_topic_count":0,"_bbp_reply_count":0,"_bbp_total_topic_count":0,"_bbp_total_reply_count":0,"_bbp_voice_count":0,"_bbp_anonymous_reply_count":0,"_bbp_topic_count_hidden":0,"_bbp_reply_count_hidden":0,"_bbp_forum_subforum_count":0,"site-sidebar-layout":"default","site-content-layout":"","ast-site-content-layout":"","site-content-style":"default","site-sidebar-style":"default","ast-global-header-display":"","ast-banner-title-visibility":"","ast-main-header-display":"","ast-hfb-above-header-display":"","ast-hfb-below-header-display":"","ast-hfb-mobile-header-display":"","site-post-title":"","ast-breadcrumbs-content":"","ast-featured-img":"","footer-sml-layout":"","theme-transparent-header-meta":"","adv-header-id-meta":"","stick-header-meta":"","header-above-stick-meta":"","header-main-stick-meta":"","header-below-stick-meta":"","astra-migrate-meta-layouts":"default","ast-page-background-enabled":"default","ast-page-background-meta":{"desktop":{"background-color":"var(--ast-global-color-4)","background-image":"","background-repeat":"repeat","background-position":"center center","background-size":"auto","background-attachment":"scroll","background-type":"","background-media":"","overlay-type":"","overlay-color":"","overlay-opacity":"","overlay-gradient":""},"tablet":{"background-color":"","background-image":"","background-repeat":"repeat","background-position":"center center","background-size":"auto","background-attachment":"scroll","background-type":"","background-media":"","overlay-type":"","overlay-color":"","overlay-opacity":"","overlay-gradient":""},"mobile":{"background-color":"","background-image":"","background-repeat":"repeat","background-position":"center center","background-size":"auto","background-attachment":"scroll","background-type":"","background-media":"","overlay-type":"","overlay-color":"","overlay-opacity":"","overlay-gradient":""}},"ast-content-background-meta":{"desktop":{"background-color":"var(--ast-global-color-5)","background-image":"","background-repeat":"repeat","background-position":"center center","background-size":"auto","background-attachment":"scroll","background-type":"","background-media":"","overlay-type":"","overlay-color":"","overlay-opacity":"","overlay-gradient":""},"tablet":{"background-color":"var(--ast-global-color-5)","background-image":"","background-repeat":"repeat","background-position":"center center","background-size":"auto","background-attachment":"scroll","background-type":"","background-media":"","overlay-type":"","overlay-color":"","overlay-opacity":"","overlay-gradient":""},"mobile":{"background-color":"var(--ast-global-color-5)","background-image":"","background-repeat":"repeat","background-position":"center center","background-size":"auto","background-attachment":"scroll","background-type":"","background-media":"","overlay-type":"","overlay-color":"","overlay-opacity":"","overlay-gradient":""}},"footnotes":""},"categories":[68,288,104,29],"tags":[],"class_list":["post-11382","post","type-post","status-publish","format-standard","has-post-thumbnail","hentry","category-1r-de-batxillerat","category-batxibac","category-frances","category-portada"],"post_mailing_queue_ids":[],"_links":{"self":[{"href":"https:\/\/agora.xtec.cat\/iesvplantada\/wp-json\/wp\/v2\/posts\/11382","targetHints":{"allow":["GET"]}}],"collection":[{"href":"https:\/\/agora.xtec.cat\/iesvplantada\/wp-json\/wp\/v2\/posts"}],"about":[{"href":"https:\/\/agora.xtec.cat\/iesvplantada\/wp-json\/wp\/v2\/types\/post"}],"author":[{"embeddable":true,"href":"https:\/\/agora.xtec.cat\/iesvplantada\/wp-json\/wp\/v2\/users\/85"}],"replies":[{"embeddable":true,"href":"https:\/\/agora.xtec.cat\/iesvplantada\/wp-json\/wp\/v2\/comments?post=11382"}],"version-history":[{"count":1,"href":"https:\/\/agora.xtec.cat\/iesvplantada\/wp-json\/wp\/v2\/posts\/11382\/revisions"}],"predecessor-version":[{"id":11385,"href":"https:\/\/agora.xtec.cat\/iesvplantada\/wp-json\/wp\/v2\/posts\/11382\/revisions\/11385"}],"wp:featuredmedia":[{"embeddable":true,"href":"https:\/\/agora.xtec.cat\/iesvplantada\/wp-json\/wp\/v2\/media\/11383"}],"wp:attachment":[{"href":"https:\/\/agora.xtec.cat\/iesvplantada\/wp-json\/wp\/v2\/media?parent=11382"}],"wp:term":[{"taxonomy":"category","embeddable":true,"href":"https:\/\/agora.xtec.cat\/iesvplantada\/wp-json\/wp\/v2\/categories?post=11382"},{"taxonomy":"post_tag","embeddable":true,"href":"https:\/\/agora.xtec.cat\/iesvplantada\/wp-json\/wp\/v2\/tags?post=11382"}],"curies":[{"name":"wp","href":"https:\/\/api.w.org\/{rel}","templated":true}]}}