{"id":11171,"date":"2025-11-12T22:55:27","date_gmt":"2025-11-12T21:55:27","guid":{"rendered":"https:\/\/agora.xtec.cat\/iesvplantada\/?p=11171"},"modified":"2025-11-12T22:57:07","modified_gmt":"2025-11-12T21:57:07","slug":"concurs-per-dissenyar-el-logotip-del-50e-aniversari","status":"publish","type":"post","link":"https:\/\/agora.xtec.cat\/iesvplantada\/portada\/concurs-per-dissenyar-el-logotip-del-50e-aniversari\/","title":{"rendered":"Concurs per dissenyar el logotip del 50\u00e8 aniversari"},"content":{"rendered":"<p><img loading=\"lazy\" decoding=\"async\" class=\"wp-image-11172 alignright\" src=\"https:\/\/agora.xtec.cat\/iesvplantada\/wp-content\/uploads\/usu537\/2025\/11\/Cartell-Bases-Concurs-Logo-50-724x1024.png\" alt=\"\" width=\"450\" height=\"637\" \/>Celebrem 50 anys d\u2019hist\u00f2ria!<\/p>\n<p>Aquest curs \u00e9s molt especial per a nosaltres: l\u2019Institut Vicen\u00e7 Plantada inicia el seu 50\u00e8 curs!<\/p>\n<p>Des del 1976, milers d\u2019alumnes de Mollet del Vall\u00e8s han passat per les nostres aules, compartint aprenentatges, viv\u00e8ncies i records que formen part de la nostra hist\u00f2ria col\u00b7lectiva.<\/p>\n<p>Per comen\u00e7ar aquest any commemoratiu, volem fer-ho amb la vostra creativitat!<\/p>\n<p>Us convidem a participar en el<strong> concurs per dissenyar el logotip del 50\u00e8 aniversari del nostre institut<\/strong>.<\/p>\n<p>El concurs est\u00e0 obert a tota la comunitat educativa: alumnat, fam\u00edlies, professorat, exalumnes i personal del centre.<\/p>\n<p>A la infografia adjunta hi trobareu tota la informaci\u00f3 i les bases del concurs (qr).<\/p>\n<p>Deixa volar la teva imaginaci\u00f3 i ajuda\u2019ns a donar imatge als 50 anys d\u2019educaci\u00f3, conviv\u00e8ncia i futur compartit!<\/p>\n<p>Estem esperant el teu logo!<\/p>\n","protected":false},"excerpt":{"rendered":"<p>Celebrem 50 anys d\u2019hist\u00f2ria! Aquest curs \u00e9s molt especial per a nosaltres: l\u2019Institut Vicen\u00e7 Plantada inicia el seu 50\u00e8 curs! Des del 1976, milers d\u2019alumnes de Mollet del Vall\u00e8s han passat per les nostres aules, compartint aprenentatges, viv\u00e8ncies i records que formen part de la nostra hist\u00f2ria col\u00b7lectiva. Per comen\u00e7ar aquest any commemoratiu, volem fer-ho [&hellip;]<\/p>\n","protected":false},"author":7,"featured_media":11172,"comment_status":"closed","ping_status":"closed","sticky":false,"template":"","format":"standard","meta":{"_bbp_topic_count":0,"_bbp_reply_count":0,"_bbp_total_topic_count":0,"_bbp_total_reply_count":0,"_bbp_voice_count":0,"_bbp_anonymous_reply_count":0,"_bbp_topic_count_hidden":0,"_bbp_reply_count_hidden":0,"_bbp_forum_subforum_count":0,"site-sidebar-layout":"default","site-content-layout":"","ast-site-content-layout":"","site-content-style":"default","site-sidebar-style":"default","ast-global-header-display":"","ast-banner-title-visibility":"","ast-main-header-display":"","ast-hfb-above-header-display":"","ast-hfb-below-header-display":"","ast-hfb-mobile-header-display":"","site-post-title":"","ast-breadcrumbs-content":"","ast-featured-img":"","footer-sml-layout":"","theme-transparent-header-meta":"","adv-header-id-meta":"","stick-header-meta":"","header-above-stick-meta":"","header-main-stick-meta":"","header-below-stick-meta":"","astra-migrate-meta-layouts":"default","ast-page-background-enabled":"default","ast-page-background-meta":{"desktop":{"background-color":"var(--ast-global-color-4)","background-image":"","background-repeat":"repeat","background-position":"center center","background-size":"auto","background-attachment":"scroll","background-type":"","background-media":"","overlay-type":"","overlay-color":"","overlay-opacity":"","overlay-gradient":""},"tablet":{"background-color":"","background-image":"","background-repeat":"repeat","background-position":"center center","background-size":"auto","background-attachment":"scroll","background-type":"","background-media":"","overlay-type":"","overlay-color":"","overlay-opacity":"","overlay-gradient":""},"mobile":{"background-color":"","background-image":"","background-repeat":"repeat","background-position":"center center","background-size":"auto","background-attachment":"scroll","background-type":"","background-media":"","overlay-type":"","overlay-color":"","overlay-opacity":"","overlay-gradient":""}},"ast-content-background-meta":{"desktop":{"background-color":"var(--ast-global-color-5)","background-image":"","background-repeat":"repeat","background-position":"center center","background-size":"auto","background-attachment":"scroll","background-type":"","background-media":"","overlay-type":"","overlay-color":"","overlay-opacity":"","overlay-gradient":""},"tablet":{"background-color":"var(--ast-global-color-5)","background-image":"","background-repeat":"repeat","background-position":"center center","background-size":"auto","background-attachment":"scroll","background-type":"","background-media":"","overlay-type":"","overlay-color":"","overlay-opacity":"","overlay-gradient":""},"mobile":{"background-color":"var(--ast-global-color-5)","background-image":"","background-repeat":"repeat","background-position":"center center","background-size":"auto","background-attachment":"scroll","background-type":"","background-media":"","overlay-type":"","overlay-color":"","overlay-opacity":"","overlay-gradient":""}},"footnotes":""},"categories":[29],"tags":[],"class_list":["post-11171","post","type-post","status-publish","format-standard","has-post-thumbnail","hentry","category-portada"],"post_mailing_queue_ids":[],"_links":{"self":[{"href":"https:\/\/agora.xtec.cat\/iesvplantada\/wp-json\/wp\/v2\/posts\/11171","targetHints":{"allow":["GET"]}}],"collection":[{"href":"https:\/\/agora.xtec.cat\/iesvplantada\/wp-json\/wp\/v2\/posts"}],"about":[{"href":"https:\/\/agora.xtec.cat\/iesvplantada\/wp-json\/wp\/v2\/types\/post"}],"author":[{"embeddable":true,"href":"https:\/\/agora.xtec.cat\/iesvplantada\/wp-json\/wp\/v2\/users\/7"}],"replies":[{"embeddable":true,"href":"https:\/\/agora.xtec.cat\/iesvplantada\/wp-json\/wp\/v2\/comments?post=11171"}],"version-history":[{"count":1,"href":"https:\/\/agora.xtec.cat\/iesvplantada\/wp-json\/wp\/v2\/posts\/11171\/revisions"}],"predecessor-version":[{"id":11173,"href":"https:\/\/agora.xtec.cat\/iesvplantada\/wp-json\/wp\/v2\/posts\/11171\/revisions\/11173"}],"wp:featuredmedia":[{"embeddable":true,"href":"https:\/\/agora.xtec.cat\/iesvplantada\/wp-json\/wp\/v2\/media\/11172"}],"wp:attachment":[{"href":"https:\/\/agora.xtec.cat\/iesvplantada\/wp-json\/wp\/v2\/media?parent=11171"}],"wp:term":[{"taxonomy":"category","embeddable":true,"href":"https:\/\/agora.xtec.cat\/iesvplantada\/wp-json\/wp\/v2\/categories?post=11171"},{"taxonomy":"post_tag","embeddable":true,"href":"https:\/\/agora.xtec.cat\/iesvplantada\/wp-json\/wp\/v2\/tags?post=11171"}],"curies":[{"name":"wp","href":"https:\/\/api.w.org\/{rel}","templated":true}]}}