{"id":397,"date":"2016-04-16T12:59:13","date_gmt":"2016-04-16T11:59:13","guid":{"rendered":"http:\/\/agora.xtec.cat\/iesvinyet\/?p=397"},"modified":"2016-05-26T18:07:51","modified_gmt":"2016-05-26T17:07:51","slug":"ampa-institut-vinyet","status":"publish","type":"post","link":"https:\/\/agora.xtec.cat\/iesvinyet\/ampa\/ampa-institut-vinyet\/","title":{"rendered":"AMPA Institut Vinyet"},"content":{"rendered":"<p dir=\"ltr\">L&#8217;Associaci\u00f3 est\u00e0 representada per la seva junta que en aquests moments est\u00e0 integrada per:<\/p>\n<ul>\n<li dir=\"ltr\">\n<p dir=\"ltr\">Presidenta: Silvia Millat<\/p>\n<\/li>\n<li dir=\"ltr\">\n<p dir=\"ltr\">Tresorera: Debbie Earl<\/p>\n<\/li>\n<li dir=\"ltr\">\n<p dir=\"ltr\">Secretari: Joaquim Carbonell<\/p>\n<\/li>\n<li dir=\"ltr\">\n<p dir=\"ltr\">Vocals: Joana Rubio, Judith Sanjuan i Carolina Sancho.<\/p>\n<\/li>\n<\/ul>\n<p dir=\"ltr\">Est\u00e0 organitzada en comissions les seg\u00fcents comissions de treball:<\/p>\n<ul>\n<li dir=\"ltr\">\n<p dir=\"ltr\">Esports<\/p>\n<\/li>\n<li dir=\"ltr\">\n<p dir=\"ltr\">Estudi Assistit<\/p>\n<\/li>\n<li dir=\"ltr\">\n<p dir=\"ltr\">Festes i activitats<\/p>\n<\/li>\n<li dir=\"ltr\">\n<p dir=\"ltr\">Menjador<\/p>\n<\/li>\n<li dir=\"ltr\">\n<p dir=\"ltr\">Pare \/ mare enlla\u00e7<\/p>\n<\/li>\n<li dir=\"ltr\">\n<p dir=\"ltr\">Activitats extra-escolars<\/p>\n<\/li>\n<li dir=\"ltr\">\n<p dir=\"ltr\">Reciclatge de llibres<\/p>\n<\/li>\n<\/ul>\n<p dir=\"ltr\"><a href=\"https:\/\/dl.dropboxusercontent.com\/u\/84358553\/ampa\/ALTA%20AMPA.doc\">Document d&#8217;alta a l&#8217;AMPA de l&#8217;Institut Vinyet<\/a>. Feu clic per descarregar el document<\/p>\n<p dir=\"ltr\">Podeu dirigir els vostres comentaris i aportacions a:<\/p>\n<p dir=\"ltr\"><a href=\"mailto:ampa.ies.vinyet@gmail.com\">ampa.ies.vinyet@gmail.com<\/a><\/p>\n<p id=\"yui_3_17_2_3_1460807843494_885\" dir=\"ltr\"><a href=\"mailto:ampa-ies-vinyet@hotmail.com\">ampa-ies-vinyet@hotmail.com<\/a><\/p>\n","protected":false},"excerpt":{"rendered":"<p>L&#8217;Associaci\u00f3 est\u00e0 representada per la seva junta que en aquests moments est\u00e0 integrada per:<\/p>\n<ul>\n<li dir=\"ltr\">\nPresidenta: Silvia Millat\n<\/li>\n<li dir=\"ltr\">\nTresorera: Debbie Earl\n<\/li>\n<li dir=\"ltr\">\nSecretari: Joaquim Carbonell\n<\/li>\n<li dir=\"ltr\">\nVocals: Joana Rubio, Judith Sanjuan i Carolina Sancho.\n<\/li>\n<\/ul>\n<p>Est\u00e0 organitzada en comissions les seg\u00fcents comissions de treball:<\/p>\n<ul>\n<li dir=\"ltr\">\nEsports\n<\/li>\n<li dir=\"ltr\">\nEstudi Assistit\n<\/li>\n<li dir=\"ltr\">\nFestes i activitats\n<\/li>\n<li&hellip;  <a href=\"https:\/\/agora.xtec.cat\/iesvinyet\/ampa\/ampa-institut-vinyet\/\" title=\"Read AMPA Institut Vinyet\">Llegeix m\u00e9s\u00bb<\/a><br \/>\n","protected":false},"author":1,"featured_media":0,"comment_status":"open","ping_status":"open","sticky":false,"template":"","format":"standard","meta":{"_bbp_topic_count":0,"_bbp_reply_count":0,"_bbp_total_topic_count":0,"_bbp_total_reply_count":0,"_bbp_voice_count":0,"_bbp_anonymous_reply_count":0,"_bbp_topic_count_hidden":0,"_bbp_reply_count_hidden":0,"_bbp_forum_subforum_count":0,"footnotes":""},"categories":[31],"tags":[],"class_list":["post-397","post","type-post","status-publish","format-standard","hentry","category-ampa"],"post_mailing_queue_ids":[],"_links":{"self":[{"href":"https:\/\/agora.xtec.cat\/iesvinyet\/wp-json\/wp\/v2\/posts\/397","targetHints":{"allow":["GET"]}}],"collection":[{"href":"https:\/\/agora.xtec.cat\/iesvinyet\/wp-json\/wp\/v2\/posts"}],"about":[{"href":"https:\/\/agora.xtec.cat\/iesvinyet\/wp-json\/wp\/v2\/types\/post"}],"author":[{"embeddable":true,"href":"https:\/\/agora.xtec.cat\/iesvinyet\/wp-json\/wp\/v2\/users\/1"}],"replies":[{"embeddable":true,"href":"https:\/\/agora.xtec.cat\/iesvinyet\/wp-json\/wp\/v2\/comments?post=397"}],"version-history":[{"count":3,"href":"https:\/\/agora.xtec.cat\/iesvinyet\/wp-json\/wp\/v2\/posts\/397\/revisions"}],"predecessor-version":[{"id":975,"href":"https:\/\/agora.xtec.cat\/iesvinyet\/wp-json\/wp\/v2\/posts\/397\/revisions\/975"}],"wp:attachment":[{"href":"https:\/\/agora.xtec.cat\/iesvinyet\/wp-json\/wp\/v2\/media?parent=397"}],"wp:term":[{"taxonomy":"category","embeddable":true,"href":"https:\/\/agora.xtec.cat\/iesvinyet\/wp-json\/wp\/v2\/categories?post=397"},{"taxonomy":"post_tag","embeddable":true,"href":"https:\/\/agora.xtec.cat\/iesvinyet\/wp-json\/wp\/v2\/tags?post=397"}],"curies":[{"name":"wp","href":"https:\/\/api.w.org\/{rel}","templated":true}]}}