{"id":3316,"date":"2026-09-03T19:42:17","date_gmt":"2026-09-03T17:42:17","guid":{"rendered":"https:\/\/agora.xtec.cat\/iesvinyet\/?p=3316"},"modified":"2026-09-03T19:42:41","modified_gmt":"2026-09-03T17:42:41","slug":"inici-de-curs-primer-dia-2","status":"publish","type":"post","link":"https:\/\/agora.xtec.cat\/iesvinyet\/general\/inici-de-curs-primer-dia-2\/","title":{"rendered":"INICI DE CURS: PRIMER DIA"},"content":{"rendered":"<p>El curs 2026-2027 est\u00e0 a punt de comen\u00e7ar. El dimarts <strong>8 de setembre<\/strong> ser\u00e0 el primer dia tant per a l\u2019<strong>alumnat d\u2019ESO<\/strong> com, per a l&#8217;alumnat de <strong>Batxillerat<\/strong>.<\/p>\n<p>Aquest primer dia, farem una acollida esglaonada de l\u2019alumnat per nivells i es comunicaran els grups classe, l\u2019horari, l\u2019equip de tutors i la normativa que regula el centre i es dur\u00e0 a terme la primera Tutoria del curs.<\/p>\n<p>Adjuntem l\u2019<strong>horari<\/strong> del primer dia per a cadascun dels nivells.<\/p>\n<p><a href=\"https:\/\/agora.xtec.cat\/iesvinyet\/wp-content\/uploads\/usu987\/2026\/09\/2627-Comencem.jpg\"><img loading=\"lazy\" decoding=\"async\" class=\"alignnone wp-image-3317\" src=\"https:\/\/agora.xtec.cat\/iesvinyet\/wp-content\/uploads\/usu987\/2026\/09\/2627-Comencem-212x300.jpg\" alt=\"\" width=\"374\" height=\"530\" srcset=\"https:\/\/agora.xtec.cat\/iesvinyet\/wp-content\/uploads\/usu987\/2026\/09\/2627-Comencem-212x300.jpg 212w, https:\/\/agora.xtec.cat\/iesvinyet\/wp-content\/uploads\/usu987\/2026\/09\/2627-Comencem-724x1024.jpg 724w, https:\/\/agora.xtec.cat\/iesvinyet\/wp-content\/uploads\/usu987\/2026\/09\/2627-Comencem-768x1086.jpg 768w, https:\/\/agora.xtec.cat\/iesvinyet\/wp-content\/uploads\/usu987\/2026\/09\/2627-Comencem-1086x1536.jpg 1086w, https:\/\/agora.xtec.cat\/iesvinyet\/wp-content\/uploads\/usu987\/2026\/09\/2627-Comencem-1448x2048.jpg 1448w, https:\/\/agora.xtec.cat\/iesvinyet\/wp-content\/uploads\/usu987\/2026\/09\/2627-Comencem.jpg 1587w\" sizes=\"auto, (max-width: 374px) 100vw, 374px\" \/><\/a><\/p>\n","protected":false},"excerpt":{"rendered":"<p>El curs 2026-2027 est\u00e0 a punt de comen\u00e7ar. El dimarts 8 de setembre ser\u00e0 el primer dia tant per a l\u2019alumnat d\u2019ESO com, per a l&#8217;alumnat de Batxillerat.<br \/>\nAquest primer dia, farem una acollida esglaonada de l\u2019alumnat per nivells i es comunicaran els grups classe, l\u2019horari,&hellip;  <a href=\"https:\/\/agora.xtec.cat\/iesvinyet\/general\/inici-de-curs-primer-dia-2\/\" title=\"Read INICI DE CURS: PRIMER DIA\">Llegeix m\u00e9s\u00bb<\/a><\/p>\n","protected":false},"author":176,"featured_media":0,"comment_status":"open","ping_status":"open","sticky":false,"template":"","format":"standard","meta":{"_bbp_topic_count":0,"_bbp_reply_count":0,"_bbp_total_topic_count":0,"_bbp_total_reply_count":0,"_bbp_voice_count":0,"_bbp_anonymous_reply_count":0,"_bbp_topic_count_hidden":0,"_bbp_reply_count_hidden":0,"_bbp_forum_subforum_count":0,"footnotes":""},"categories":[1,29],"tags":[],"class_list":["post-3316","post","type-post","status-publish","format-standard","hentry","category-general","category-portada"],"post_mailing_queue_ids":[],"_links":{"self":[{"href":"https:\/\/agora.xtec.cat\/iesvinyet\/wp-json\/wp\/v2\/posts\/3316","targetHints":{"allow":["GET"]}}],"collection":[{"href":"https:\/\/agora.xtec.cat\/iesvinyet\/wp-json\/wp\/v2\/posts"}],"about":[{"href":"https:\/\/agora.xtec.cat\/iesvinyet\/wp-json\/wp\/v2\/types\/post"}],"author":[{"embeddable":true,"href":"https:\/\/agora.xtec.cat\/iesvinyet\/wp-json\/wp\/v2\/users\/176"}],"replies":[{"embeddable":true,"href":"https:\/\/agora.xtec.cat\/iesvinyet\/wp-json\/wp\/v2\/comments?post=3316"}],"version-history":[{"count":2,"href":"https:\/\/agora.xtec.cat\/iesvinyet\/wp-json\/wp\/v2\/posts\/3316\/revisions"}],"predecessor-version":[{"id":3319,"href":"https:\/\/agora.xtec.cat\/iesvinyet\/wp-json\/wp\/v2\/posts\/3316\/revisions\/3319"}],"wp:attachment":[{"href":"https:\/\/agora.xtec.cat\/iesvinyet\/wp-json\/wp\/v2\/media?parent=3316"}],"wp:term":[{"taxonomy":"category","embeddable":true,"href":"https:\/\/agora.xtec.cat\/iesvinyet\/wp-json\/wp\/v2\/categories?post=3316"},{"taxonomy":"post_tag","embeddable":true,"href":"https:\/\/agora.xtec.cat\/iesvinyet\/wp-json\/wp\/v2\/tags?post=3316"}],"curies":[{"name":"wp","href":"https:\/\/api.w.org\/{rel}","templated":true}]}}