{"id":3282,"date":"2026-04-27T21:58:09","date_gmt":"2026-04-27T19:58:09","guid":{"rendered":"https:\/\/agora.xtec.cat\/iesvinyet\/?p=3282"},"modified":"2026-04-27T21:58:09","modified_gmt":"2026-04-27T19:58:09","slug":"acord-centres-publics-de-sitges","status":"publish","type":"post","link":"https:\/\/agora.xtec.cat\/iesvinyet\/general\/acord-centres-publics-de-sitges\/","title":{"rendered":"ACORD CENTRES P\u00daBLICS DE SITGES"},"content":{"rendered":"<div><strong><span style=\"color: #000000;\"><span class=\"il\">ACORD<\/span>\u00a0DELS CENTRES P\u00daBLICS DE SITGES DAVANT LA SITUACI\u00d3 DEL SISTEMA EDUCATIU A CATALUNYA<\/span><\/strong><\/div>\n<div><\/div>\n<div>\n<div>\n<p><span style=\"color: #000000;\">Els centres educatius p\u00fablics de Sitges hem acordat que, fins que no hi hagi un <span class=\"il\">acord<\/span> sindical majoritari satisfactori, no farem activitats que comportin m\u00e9s recursos humans o tasques extra del personal docent que no siguin prescriptives:<\/span><\/p>\n<ul>\n<li><span style=\"color: #000000;\">sortides d\u2019un dia<\/span><\/li>\n<li><span style=\"color: #000000;\">sortides amb pernoctaci\u00f3<\/span><\/li>\n<li><span style=\"color: #000000;\">activitats de la <em>Guia de suport educatiu <\/em>de l&#8217;Ajuntament de Sitges\u00a0que comportin un despla\u00e7ament d\u2019alumnes fora del centre<\/span><\/li>\n<li><span style=\"color: #000000;\">formaci\u00f3 finan\u00e7ada pel Departament d&#8217;Educaci\u00f3<br \/>\n<\/span><\/li>\n<li><span style=\"color: #000000;\">publicacions a les xarxes socials<\/span><\/li>\n<\/ul>\n<p><span style=\"color: #000000; font-family: inherit; font-size: 1em;\">Aquest <\/span><span class=\"il\" style=\"color: #000000; font-family: inherit; font-size: 1em;\">acord<\/span><span style=\"color: #000000; font-family: inherit; font-size: 1em;\"> ha estat comunicat per part de les Direccions dels centres educatius al Consell Escolar Municipal de Sitges en la sessi\u00f3 del 13 d&#8217;abril de 2026.<\/span><\/p>\n<\/div>\n<\/div>\n","protected":false},"excerpt":{"rendered":"<p>ACORD\u00a0DELS CENTRES P\u00daBLICS DE SITGES DAVANT LA SITUACI\u00d3 DEL SISTEMA EDUCATIU A CATALUNYA<\/p>\n<p>Els centres educatius p\u00fablics de Sitges hem acordat que, fins que no hi hagi un acord sindical majoritari satisfactori, no farem activitats que comportin m\u00e9s recursos humans o tasques extra del personal docent&hellip;  <a href=\"https:\/\/agora.xtec.cat\/iesvinyet\/general\/acord-centres-publics-de-sitges\/\" title=\"Read ACORD CENTRES P\u00daBLICS DE SITGES\">Llegeix m\u00e9s\u00bb<\/a><\/p>\n","protected":false},"author":176,"featured_media":0,"comment_status":"open","ping_status":"open","sticky":false,"template":"","format":"standard","meta":{"_bbp_topic_count":0,"_bbp_reply_count":0,"_bbp_total_topic_count":0,"_bbp_total_reply_count":0,"_bbp_voice_count":0,"_bbp_anonymous_reply_count":0,"_bbp_topic_count_hidden":0,"_bbp_reply_count_hidden":0,"_bbp_forum_subforum_count":0,"footnotes":""},"categories":[1,29],"tags":[],"class_list":["post-3282","post","type-post","status-publish","format-standard","hentry","category-general","category-portada"],"post_mailing_queue_ids":[],"_links":{"self":[{"href":"https:\/\/agora.xtec.cat\/iesvinyet\/wp-json\/wp\/v2\/posts\/3282","targetHints":{"allow":["GET"]}}],"collection":[{"href":"https:\/\/agora.xtec.cat\/iesvinyet\/wp-json\/wp\/v2\/posts"}],"about":[{"href":"https:\/\/agora.xtec.cat\/iesvinyet\/wp-json\/wp\/v2\/types\/post"}],"author":[{"embeddable":true,"href":"https:\/\/agora.xtec.cat\/iesvinyet\/wp-json\/wp\/v2\/users\/176"}],"replies":[{"embeddable":true,"href":"https:\/\/agora.xtec.cat\/iesvinyet\/wp-json\/wp\/v2\/comments?post=3282"}],"version-history":[{"count":1,"href":"https:\/\/agora.xtec.cat\/iesvinyet\/wp-json\/wp\/v2\/posts\/3282\/revisions"}],"predecessor-version":[{"id":3283,"href":"https:\/\/agora.xtec.cat\/iesvinyet\/wp-json\/wp\/v2\/posts\/3282\/revisions\/3283"}],"wp:attachment":[{"href":"https:\/\/agora.xtec.cat\/iesvinyet\/wp-json\/wp\/v2\/media?parent=3282"}],"wp:term":[{"taxonomy":"category","embeddable":true,"href":"https:\/\/agora.xtec.cat\/iesvinyet\/wp-json\/wp\/v2\/categories?post=3282"},{"taxonomy":"post_tag","embeddable":true,"href":"https:\/\/agora.xtec.cat\/iesvinyet\/wp-json\/wp\/v2\/tags?post=3282"}],"curies":[{"name":"wp","href":"https:\/\/api.w.org\/{rel}","templated":true}]}}