{"id":3226,"date":"2025-06-16T09:45:19","date_gmt":"2025-06-16T07:45:19","guid":{"rendered":"https:\/\/agora.xtec.cat\/iesvinyet\/?p=3226"},"modified":"2025-06-16T09:45:19","modified_gmt":"2025-06-16T07:45:19","slug":"eso-assignats-al-centre","status":"publish","type":"post","link":"https:\/\/agora.xtec.cat\/iesvinyet\/general\/eso-assignats-al-centre\/","title":{"rendered":"ESO-ASSIGNATS AL CENTRE"},"content":{"rendered":"<div>\n<p>Avui s\u2019ha fet p\u00fablic el\u00a0<strong>Llistat d\u2019alumnes assignats<\/strong>\u00a0al centre per cursar estudis d\u2019<strong>ESO<\/strong> el curs 2025-2026: <strong><a href=\"https:\/\/agora.xtec.cat\/iesvinyet\/wp-content\/uploads\/usu987\/2025\/06\/2526-ASSIGNATS-AL-CENTRE-AMB-INDICACIO-PRIMERA-PETICIO.pdf\">2526-ASSIGNATS AL CENTRE AMB INDICACI\u00d3 PRIMERA PETICI\u00d3<\/a><\/strong><\/p>\n<p>S\u2019ha publicat, tamb\u00e9, la Llista d\u2019espera: <strong><a href=\"https:\/\/agora.xtec.cat\/iesvinyet\/wp-content\/uploads\/usu987\/2025\/06\/2526-LLISTA-DESPERA.pdf\">2526-LLISTA D&#8217;ESPERA<\/a><\/strong><\/p>\n<\/div>\n<div>\n<p>L\u2019alumnat assignat al centre caldr\u00e0 que formalitzi la\u00a0<strong>matr\u00edcula<\/strong>\u00a0presencialment a l\u2019Institut, entre el\u00a0<b>25 de juny<\/b><strong>\u00a0i el 3 de juliol<\/strong>. Caldr\u00e0 demanar\u00a0<strong>cita<\/strong>, trucant al\u00a0<strong>93 810 71 32<\/strong>, de 8.00 a 15.00.<\/p>\n<p>Compartim amb vosaltres tota la\u00a0<strong>informaci\u00f3<\/strong> necess\u00e0ria per dur a terme el tr\u00e0mit de <strong>matr\u00edcula<\/strong>:\u00a0<strong>\u00a0<a href=\"https:\/\/agora.xtec.cat\/iesvinyet\/wp-content\/uploads\/usu987\/2025\/06\/2526-ESO-Informacio-matricula.pdf\">2526 &#8211; ESO &#8211; Informaci\u00f3 matr\u00edcula<\/a><\/strong><\/p>\n<p>&nbsp;<\/p>\n<\/div>\n","protected":false},"excerpt":{"rendered":"<p>Avui s\u2019ha fet p\u00fablic el\u00a0Llistat d\u2019alumnes assignats\u00a0al centre per cursar estudis d\u2019ESO el curs 2025-2026: <a href=\"https:\/\/agora.xtec.cat\/iesvinyet\/wp-content\/uploads\/usu987\/2025\/06\/2526-ASSIGNATS-AL-CENTRE-AMB-INDICACIO-PRIMERA-PETICIO.pdf\">2526-ASSIGNATS AL CENTRE AMB INDICACI\u00d3 PRIMERA PETICI\u00d3<\/a><br \/>\nS\u2019ha publicat, tamb\u00e9, la Llista d\u2019espera: <a href=\"https:\/\/agora.xtec.cat\/iesvinyet\/wp-content\/uploads\/usu987\/2025\/06\/2526-LLISTA-DESPERA.pdf\">2526-LLISTA D&#8217;ESPERA<\/a><\/p>\n<p>L\u2019alumnat assignat al centre caldr\u00e0 que formalitzi la\u00a0matr\u00edcula\u00a0presencialment a l\u2019Institut, entre el\u00a025 de juny\u00a0i el&hellip;  <a href=\"https:\/\/agora.xtec.cat\/iesvinyet\/general\/eso-assignats-al-centre\/\" title=\"Read ESO-ASSIGNATS AL CENTRE\">Llegeix m\u00e9s\u00bb<\/a><\/p>\n","protected":false},"author":176,"featured_media":0,"comment_status":"open","ping_status":"open","sticky":false,"template":"","format":"standard","meta":{"_bbp_topic_count":0,"_bbp_reply_count":0,"_bbp_total_topic_count":0,"_bbp_total_reply_count":0,"_bbp_voice_count":0,"_bbp_anonymous_reply_count":0,"_bbp_topic_count_hidden":0,"_bbp_reply_count_hidden":0,"_bbp_forum_subforum_count":0,"footnotes":""},"categories":[3,1,29],"tags":[],"class_list":["post-3226","post","type-post","status-publish","format-standard","hentry","category-eso","category-general","category-portada"],"post_mailing_queue_ids":[],"_links":{"self":[{"href":"https:\/\/agora.xtec.cat\/iesvinyet\/wp-json\/wp\/v2\/posts\/3226","targetHints":{"allow":["GET"]}}],"collection":[{"href":"https:\/\/agora.xtec.cat\/iesvinyet\/wp-json\/wp\/v2\/posts"}],"about":[{"href":"https:\/\/agora.xtec.cat\/iesvinyet\/wp-json\/wp\/v2\/types\/post"}],"author":[{"embeddable":true,"href":"https:\/\/agora.xtec.cat\/iesvinyet\/wp-json\/wp\/v2\/users\/176"}],"replies":[{"embeddable":true,"href":"https:\/\/agora.xtec.cat\/iesvinyet\/wp-json\/wp\/v2\/comments?post=3226"}],"version-history":[{"count":1,"href":"https:\/\/agora.xtec.cat\/iesvinyet\/wp-json\/wp\/v2\/posts\/3226\/revisions"}],"predecessor-version":[{"id":3230,"href":"https:\/\/agora.xtec.cat\/iesvinyet\/wp-json\/wp\/v2\/posts\/3226\/revisions\/3230"}],"wp:attachment":[{"href":"https:\/\/agora.xtec.cat\/iesvinyet\/wp-json\/wp\/v2\/media?parent=3226"}],"wp:term":[{"taxonomy":"category","embeddable":true,"href":"https:\/\/agora.xtec.cat\/iesvinyet\/wp-json\/wp\/v2\/categories?post=3226"},{"taxonomy":"post_tag","embeddable":true,"href":"https:\/\/agora.xtec.cat\/iesvinyet\/wp-json\/wp\/v2\/tags?post=3226"}],"curies":[{"name":"wp","href":"https:\/\/api.w.org\/{rel}","templated":true}]}}