{"id":3203,"date":"2025-05-05T15:51:41","date_gmt":"2025-05-05T13:51:41","guid":{"rendered":"https:\/\/agora.xtec.cat\/iesvinyet\/?p=3203"},"modified":"2025-05-05T15:51:41","modified_gmt":"2025-05-05T13:51:41","slug":"eso-preinscripcio-llistat-puntuacio-definitiva-2","status":"publish","type":"post","link":"https:\/\/agora.xtec.cat\/iesvinyet\/general\/eso-preinscripcio-llistat-puntuacio-definitiva-2\/","title":{"rendered":"ESO- PREINSCRIPCI\u00d3 \u2013 LLISTAT PUNTUACI\u00d3 DEFINITIVA"},"content":{"rendered":"<p>Avui, s\u2019ha publicat el llistat de preinscripcions amb la\u00a0<strong>puntuaci\u00f3 definitiva<\/strong>, un cop resoltes les reclamacions:<strong> <a href=\"https:\/\/agora.xtec.cat\/iesvinyet\/wp-content\/uploads\/usu987\/2025\/05\/Publicacio-llista-reclamacions-resoltes.pdf\">Publicaci\u00f3 llista reclamacions resoltes<\/a>\u00a0\u00a0<\/strong><\/p>\n<p>El llistat inclou, tamb\u00e9, el\u00a0<strong>n\u00famero de desempat<\/strong>\u00a0per a cada sol\u00b7licitud. El proper\u00a0<b>8 de maig<\/b>\u00a0, a les 11.00, es dur\u00e0 a terme el\u00a0<strong>sorteig<\/strong>\u00a0per resoldre les sol\u00b7licituds de preinscripci\u00f3 empatades en punts.<\/p>\n<p>Est\u00e0 previst que el dia<strong>\u00a09 de maig<\/strong>\u00a0es faci publica la\u00a0<strong>llista de sol\u00b7licituds ordenada per a l\u2019assignaci\u00f3 de places<\/strong>.\u00a0Per fer aquesta llista, en primer lloc es tenen en compte les adscripcions; despr\u00e9s, la puntuaci\u00f3 de criteris prioritaris, de m\u00e9s a menys, i, en cas d\u2019empat, primer la puntuaci\u00f3 pels criteris complementaris i despr\u00e9s, el n\u00famero de desempat.<\/p>\n","protected":false},"excerpt":{"rendered":"<p>Avui, s\u2019ha publicat el llistat de preinscripcions amb la\u00a0puntuaci\u00f3 definitiva, un cop resoltes les reclamacions: <a href=\"https:\/\/agora.xtec.cat\/iesvinyet\/wp-content\/uploads\/usu987\/2025\/05\/Publicacio-llista-reclamacions-resoltes.pdf\">Publicaci\u00f3 llista reclamacions resoltes<\/a>\u00a0\u00a0<br \/>\nEl llistat inclou, tamb\u00e9, el\u00a0n\u00famero de desempat\u00a0per a cada sol\u00b7licitud. El proper\u00a08 de maig\u00a0, a les 11.00, es dur\u00e0 a terme el\u00a0sorteig\u00a0per resoldre les sol\u00b7licituds de&hellip;  <a href=\"https:\/\/agora.xtec.cat\/iesvinyet\/general\/eso-preinscripcio-llistat-puntuacio-definitiva-2\/\" title=\"Read ESO- PREINSCRIPCI\u00d3 \u2013 LLISTAT PUNTUACI\u00d3 DEFINITIVA\">Llegeix m\u00e9s\u00bb<\/a><\/p>\n","protected":false},"author":176,"featured_media":0,"comment_status":"open","ping_status":"closed","sticky":false,"template":"","format":"standard","meta":{"_bbp_topic_count":0,"_bbp_reply_count":0,"_bbp_total_topic_count":0,"_bbp_total_reply_count":0,"_bbp_voice_count":0,"_bbp_anonymous_reply_count":0,"_bbp_topic_count_hidden":0,"_bbp_reply_count_hidden":0,"_bbp_forum_subforum_count":0,"footnotes":""},"categories":[3,1,29],"tags":[],"class_list":["post-3203","post","type-post","status-publish","format-standard","hentry","category-eso","category-general","category-portada"],"post_mailing_queue_ids":[],"_links":{"self":[{"href":"https:\/\/agora.xtec.cat\/iesvinyet\/wp-json\/wp\/v2\/posts\/3203","targetHints":{"allow":["GET"]}}],"collection":[{"href":"https:\/\/agora.xtec.cat\/iesvinyet\/wp-json\/wp\/v2\/posts"}],"about":[{"href":"https:\/\/agora.xtec.cat\/iesvinyet\/wp-json\/wp\/v2\/types\/post"}],"author":[{"embeddable":true,"href":"https:\/\/agora.xtec.cat\/iesvinyet\/wp-json\/wp\/v2\/users\/176"}],"replies":[{"embeddable":true,"href":"https:\/\/agora.xtec.cat\/iesvinyet\/wp-json\/wp\/v2\/comments?post=3203"}],"version-history":[{"count":1,"href":"https:\/\/agora.xtec.cat\/iesvinyet\/wp-json\/wp\/v2\/posts\/3203\/revisions"}],"predecessor-version":[{"id":3205,"href":"https:\/\/agora.xtec.cat\/iesvinyet\/wp-json\/wp\/v2\/posts\/3203\/revisions\/3205"}],"wp:attachment":[{"href":"https:\/\/agora.xtec.cat\/iesvinyet\/wp-json\/wp\/v2\/media?parent=3203"}],"wp:term":[{"taxonomy":"category","embeddable":true,"href":"https:\/\/agora.xtec.cat\/iesvinyet\/wp-json\/wp\/v2\/categories?post=3203"},{"taxonomy":"post_tag","embeddable":true,"href":"https:\/\/agora.xtec.cat\/iesvinyet\/wp-json\/wp\/v2\/tags?post=3203"}],"curies":[{"name":"wp","href":"https:\/\/api.w.org\/{rel}","templated":true}]}}