{"id":3166,"date":"2024-09-03T14:27:16","date_gmt":"2024-09-03T12:27:16","guid":{"rendered":"https:\/\/agora.xtec.cat\/iesvinyet\/?p=3166"},"modified":"2024-09-03T14:27:16","modified_gmt":"2024-09-03T12:27:16","slug":"a-punt-inici-de-curs","status":"publish","type":"post","link":"https:\/\/agora.xtec.cat\/iesvinyet\/general\/a-punt-inici-de-curs\/","title":{"rendered":"A PUNT! INICI DE CURS"},"content":{"rendered":"<p>El curs 2024-2025 est\u00e0 a punt de comen\u00e7ar. Enguany, el dia <strong>9 de setembre<\/strong>\u00a0ser\u00e0 el primer dia per a l\u2019<strong>alumnat d\u2019ESO<\/strong>\u00a0i el dia\u00a0<strong>12 de setembre<\/strong>\u00a0comen\u00e7aran els alumnes de\u00a0<strong>Batxillerat<\/strong>.<\/p>\n<p>Aquest primer dia, es dur\u00e0 a terme una acollida esglaonada i es comunicaran els grups classe, l\u2019horari, l\u2019equip de tutors del nivell i la normativa que regula el centre i es dur\u00e0 a terme la primera Tutoria grupal del curs. L&#8217;alumnat de Batxillerat iniciar\u00e0 tamb\u00e9 les classes, un cop finalitzada aquesta Tutoria.<\/p>\n<p>Adjuntem l&#8217;horari del primer dia per a cadascun dels nivells.<\/p>\n<p><a href=\"https:\/\/agora.xtec.cat\/iesvinyet\/wp-content\/uploads\/usu987\/2024\/09\/A-punt-Inici-curs-ESO.jpg\"><img loading=\"lazy\" decoding=\"async\" class=\"alignnone  wp-image-3168\" src=\"https:\/\/agora.xtec.cat\/iesvinyet\/wp-content\/uploads\/usu987\/2024\/09\/A-punt-Inici-curs-ESO-724x1024.jpg\" alt=\"\" width=\"350\" height=\"495\" srcset=\"https:\/\/agora.xtec.cat\/iesvinyet\/wp-content\/uploads\/usu987\/2024\/09\/A-punt-Inici-curs-ESO-724x1024.jpg 724w, https:\/\/agora.xtec.cat\/iesvinyet\/wp-content\/uploads\/usu987\/2024\/09\/A-punt-Inici-curs-ESO-212x300.jpg 212w, https:\/\/agora.xtec.cat\/iesvinyet\/wp-content\/uploads\/usu987\/2024\/09\/A-punt-Inici-curs-ESO-768x1086.jpg 768w, https:\/\/agora.xtec.cat\/iesvinyet\/wp-content\/uploads\/usu987\/2024\/09\/A-punt-Inici-curs-ESO-1086x1536.jpg 1086w, https:\/\/agora.xtec.cat\/iesvinyet\/wp-content\/uploads\/usu987\/2024\/09\/A-punt-Inici-curs-ESO-1448x2048.jpg 1448w, https:\/\/agora.xtec.cat\/iesvinyet\/wp-content\/uploads\/usu987\/2024\/09\/A-punt-Inici-curs-ESO.jpg 1587w\" sizes=\"auto, (max-width: 350px) 100vw, 350px\" \/>\u00a0 \u00a0 \u00a0 <\/a><a href=\"https:\/\/agora.xtec.cat\/iesvinyet\/wp-content\/uploads\/usu987\/2024\/09\/A-punt-Inici-curs-BAT.jpg\"><img loading=\"lazy\" decoding=\"async\" class=\"alignnone  wp-image-3169\" src=\"https:\/\/agora.xtec.cat\/iesvinyet\/wp-content\/uploads\/usu987\/2024\/09\/A-punt-Inici-curs-BAT-724x1024.jpg\" alt=\"\" width=\"350\" height=\"495\" srcset=\"https:\/\/agora.xtec.cat\/iesvinyet\/wp-content\/uploads\/usu987\/2024\/09\/A-punt-Inici-curs-BAT-724x1024.jpg 724w, https:\/\/agora.xtec.cat\/iesvinyet\/wp-content\/uploads\/usu987\/2024\/09\/A-punt-Inici-curs-BAT-212x300.jpg 212w, https:\/\/agora.xtec.cat\/iesvinyet\/wp-content\/uploads\/usu987\/2024\/09\/A-punt-Inici-curs-BAT-768x1086.jpg 768w, https:\/\/agora.xtec.cat\/iesvinyet\/wp-content\/uploads\/usu987\/2024\/09\/A-punt-Inici-curs-BAT-1086x1536.jpg 1086w, https:\/\/agora.xtec.cat\/iesvinyet\/wp-content\/uploads\/usu987\/2024\/09\/A-punt-Inici-curs-BAT-1448x2048.jpg 1448w, https:\/\/agora.xtec.cat\/iesvinyet\/wp-content\/uploads\/usu987\/2024\/09\/A-punt-Inici-curs-BAT.jpg 1587w\" sizes=\"auto, (max-width: 350px) 100vw, 350px\" \/><\/a><\/p>\n","protected":false},"excerpt":{"rendered":"<p>El curs 2024-2025 est\u00e0 a punt de comen\u00e7ar. Enguany, el dia 9 de setembre\u00a0ser\u00e0 el primer dia per a l\u2019alumnat d\u2019ESO\u00a0i el dia\u00a012 de setembre\u00a0comen\u00e7aran els alumnes de\u00a0Batxillerat.<br \/>\nAquest primer dia, es dur\u00e0 a terme una acollida esglaonada i es comunicaran els grups classe, l\u2019horari, l\u2019equip&hellip;  <a href=\"https:\/\/agora.xtec.cat\/iesvinyet\/general\/a-punt-inici-de-curs\/\" title=\"Read A PUNT! INICI DE CURS\">Llegeix m\u00e9s\u00bb<\/a><\/p>\n","protected":false},"author":176,"featured_media":0,"comment_status":"open","ping_status":"closed","sticky":false,"template":"","format":"standard","meta":{"_bbp_topic_count":0,"_bbp_reply_count":0,"_bbp_total_topic_count":0,"_bbp_total_reply_count":0,"_bbp_voice_count":0,"_bbp_anonymous_reply_count":0,"_bbp_topic_count_hidden":0,"_bbp_reply_count_hidden":0,"_bbp_forum_subforum_count":0,"footnotes":""},"categories":[1,29],"tags":[],"class_list":["post-3166","post","type-post","status-publish","format-standard","hentry","category-general","category-portada"],"post_mailing_queue_ids":[],"_links":{"self":[{"href":"https:\/\/agora.xtec.cat\/iesvinyet\/wp-json\/wp\/v2\/posts\/3166","targetHints":{"allow":["GET"]}}],"collection":[{"href":"https:\/\/agora.xtec.cat\/iesvinyet\/wp-json\/wp\/v2\/posts"}],"about":[{"href":"https:\/\/agora.xtec.cat\/iesvinyet\/wp-json\/wp\/v2\/types\/post"}],"author":[{"embeddable":true,"href":"https:\/\/agora.xtec.cat\/iesvinyet\/wp-json\/wp\/v2\/users\/176"}],"replies":[{"embeddable":true,"href":"https:\/\/agora.xtec.cat\/iesvinyet\/wp-json\/wp\/v2\/comments?post=3166"}],"version-history":[{"count":1,"href":"https:\/\/agora.xtec.cat\/iesvinyet\/wp-json\/wp\/v2\/posts\/3166\/revisions"}],"predecessor-version":[{"id":3170,"href":"https:\/\/agora.xtec.cat\/iesvinyet\/wp-json\/wp\/v2\/posts\/3166\/revisions\/3170"}],"wp:attachment":[{"href":"https:\/\/agora.xtec.cat\/iesvinyet\/wp-json\/wp\/v2\/media?parent=3166"}],"wp:term":[{"taxonomy":"category","embeddable":true,"href":"https:\/\/agora.xtec.cat\/iesvinyet\/wp-json\/wp\/v2\/categories?post=3166"},{"taxonomy":"post_tag","embeddable":true,"href":"https:\/\/agora.xtec.cat\/iesvinyet\/wp-json\/wp\/v2\/tags?post=3166"}],"curies":[{"name":"wp","href":"https:\/\/api.w.org\/{rel}","templated":true}]}}