{"id":3161,"date":"2024-07-15T10:56:26","date_gmt":"2024-07-15T08:56:26","guid":{"rendered":"https:\/\/agora.xtec.cat\/iesvinyet\/?p=3161"},"modified":"2024-07-15T16:31:37","modified_gmt":"2024-07-15T14:31:37","slug":"inoformacio-curs-2024-2025","status":"publish","type":"post","link":"https:\/\/agora.xtec.cat\/iesvinyet\/general\/inoformacio-curs-2024-2025\/","title":{"rendered":"INFORMACI\u00d3 CURS 2024-2025"},"content":{"rendered":"<p>Benvolgudes fam\u00edlies,<\/p>\n<p>Us hem fet arribar al <strong>correu corporatiu de fam\u00edlia<\/strong> diversa <strong>informaci\u00f3<\/strong> important sobre el <strong>proper curs<\/strong>: socialitzaci\u00f3 de llibres, material pedag\u00f2gic, val escolar, TPV ESCOLA, transport, primer dia de curs i reunions amb fam\u00edlies d&#8217;inici de curs.<\/p>\n<p>Aix\u00ed mateix, compartim amb vosaltres informaci\u00f3 sobre l&#8217;AFA i sobre el servei del Menjador.<\/p>\n<p><strong><a href=\"https:\/\/agora.xtec.cat\/iesvinyet\/wp-content\/uploads\/usu987\/2024\/07\/2425-AFA-PRESENTACIO.pdf\">2425-AFA PRESENTACI\u00d3<\/a><\/strong><\/p>\n<p><strong><a href=\"https:\/\/agora.xtec.cat\/iesvinyet\/wp-content\/uploads\/usu987\/2024\/07\/2425-MENJADOR-Informacio.pdf\">2425-MENJADOR-Informaci\u00f3<\/a><\/strong><\/p>\n<p>Si teniu qualsevol dubte, podeu contactar amb nosaltres a trav\u00e9s del correu del centre, <strong>a8061014@xtec.cat,<\/strong> fins el 31 de juliol i a partir del 2 de setembre.<\/p>\n<p>Aprofitem per desitjar-vos a tota la comunitat educativa un molt bon estiu i, a tots aquells que us incorporeu al centre, una nova etapa plena d\u2019encerts.<\/p>\n<p><strong>#Benvinguts a casa vostra!<\/strong><\/p>\n","protected":false},"excerpt":{"rendered":"<p>Benvolgudes fam\u00edlies,<br \/>\nUs hem fet arribar al correu corporatiu de fam\u00edlia diversa informaci\u00f3 important sobre el proper curs: socialitzaci\u00f3 de llibres, material pedag\u00f2gic, val escolar, TPV ESCOLA, transport, primer dia de curs i reunions amb fam\u00edlies d&#8217;inici de curs.<br \/>\nAix\u00ed mateix, compartim amb vosaltres informaci\u00f3 sobre l&#8217;AFA&hellip;  <a href=\"https:\/\/agora.xtec.cat\/iesvinyet\/general\/inoformacio-curs-2024-2025\/\" title=\"Read INFORMACI\u00d3 CURS 2024-2025\">Llegeix m\u00e9s\u00bb<\/a><\/p>\n","protected":false},"author":176,"featured_media":0,"comment_status":"open","ping_status":"closed","sticky":false,"template":"","format":"standard","meta":{"_bbp_topic_count":0,"_bbp_reply_count":0,"_bbp_total_topic_count":0,"_bbp_total_reply_count":0,"_bbp_voice_count":0,"_bbp_anonymous_reply_count":0,"_bbp_topic_count_hidden":0,"_bbp_reply_count_hidden":0,"_bbp_forum_subforum_count":0,"footnotes":""},"categories":[1,163,29],"tags":[],"class_list":["post-3161","post","type-post","status-publish","format-standard","hentry","category-general","category-la-vida-al-centre","category-portada"],"post_mailing_queue_ids":[],"_links":{"self":[{"href":"https:\/\/agora.xtec.cat\/iesvinyet\/wp-json\/wp\/v2\/posts\/3161","targetHints":{"allow":["GET"]}}],"collection":[{"href":"https:\/\/agora.xtec.cat\/iesvinyet\/wp-json\/wp\/v2\/posts"}],"about":[{"href":"https:\/\/agora.xtec.cat\/iesvinyet\/wp-json\/wp\/v2\/types\/post"}],"author":[{"embeddable":true,"href":"https:\/\/agora.xtec.cat\/iesvinyet\/wp-json\/wp\/v2\/users\/176"}],"replies":[{"embeddable":true,"href":"https:\/\/agora.xtec.cat\/iesvinyet\/wp-json\/wp\/v2\/comments?post=3161"}],"version-history":[{"count":2,"href":"https:\/\/agora.xtec.cat\/iesvinyet\/wp-json\/wp\/v2\/posts\/3161\/revisions"}],"predecessor-version":[{"id":3165,"href":"https:\/\/agora.xtec.cat\/iesvinyet\/wp-json\/wp\/v2\/posts\/3161\/revisions\/3165"}],"wp:attachment":[{"href":"https:\/\/agora.xtec.cat\/iesvinyet\/wp-json\/wp\/v2\/media?parent=3161"}],"wp:term":[{"taxonomy":"category","embeddable":true,"href":"https:\/\/agora.xtec.cat\/iesvinyet\/wp-json\/wp\/v2\/categories?post=3161"},{"taxonomy":"post_tag","embeddable":true,"href":"https:\/\/agora.xtec.cat\/iesvinyet\/wp-json\/wp\/v2\/tags?post=3161"}],"curies":[{"name":"wp","href":"https:\/\/api.w.org\/{rel}","templated":true}]}}